{"id":59479,"date":"2025-09-05T07:23:24","date_gmt":"2025-09-05T07:23:24","guid":{"rendered":"https:\/\/www.europesays.com\/pt\/59479\/"},"modified":"2025-09-05T07:23:24","modified_gmt":"2025-09-05T07:23:24","slug":"claudia-nayara-revela-o-nome-do-filho-entenda-o-significado-big-brother","status":"publish","type":"post","link":"https:\/\/www.europesays.com\/pt\/59479\/","title":{"rendered":"Claudia Nayara revela o nome do filho. Entenda o significado &#8211; Big Brother"},"content":{"rendered":"<p data-end=\"339\" data-start=\"107\">Cl\u00e1udia Nayara vive uma das fases mais especiais da sua vida. Gr\u00e1vida,<a href=\"https:\/\/tvi.iol.pt\/bigbrother\/claudia-nayara\/sandrina-pratas\/gravida-claudia-nayara-mostra-a-barriga-mas-nem-tudo-sao-boas-noticias\" rel=\"nofollow noopener\" target=\"_blank\"> a cantora tem partilhado com os f\u00e3s v\u00e1rios momentos desta etapa \u00fanica. <\/a>Agora, decidiu revelar finalmente o nome escolhido para o beb\u00e9: <strong>Santy<\/strong>.<\/p>\n<blockquote class=\"instagram-media\" data-instgrm-captioned=\"\" data-instgrm-permalink=\"https:\/\/www.instagram.com\/reel\/DOLmKX-jCZH\/?utm_source=ig_embed&amp;utm_campaign=loading\" data-instgrm-version=\"14\" style=\" background:#FFF; border:0; border-radius:3px; box-shadow:0 0 1px 0 rgba(0,0,0,0.5),0 1px 10px 0 rgba(0,0,0,0.15); margin: 1px; max-width:540px; min-width:326px; padding:0; width:99.375%; width:-webkit-calc(100% - 2px); width:calc(100% - 2px);\">\n<\/blockquote>\n<p data-end=\"339\" data-start=\"107\">O nome Santy carrega ainda conota\u00e7\u00f5es de santidade, pureza e devo\u00e7\u00e3o, sendo associado a valores espirituais como prote\u00e7\u00e3o e prop\u00f3sito de vida.<\/p>\n<p data-end=\"600\" data-start=\"341\">A novidade foi anunciada atrav\u00e9s das redes sociais, <a href=\"https:\/\/tvi.iol.pt\/bigbrother\/claudia-nayara\/01-09-2025\/claudia-nayara-mostra-primeiros-pontapes-do-filho-e-faz-revelacao-enigmatica\" rel=\"nofollow noopener\" target=\"_blank\">onde a artista tem vindo a atualizar os seguidores sobre a evolu\u00e7\u00e3o da gravidez.<\/a> O momento foi recebido com muitas mensagens de carinho e apoio por parte dos f\u00e3s, que acompanham de perto esta nova jornada.<\/p>\n<p>Recorde que,\u00a0<a href=\"https:\/\/tvi.iol.pt\/vmais\/claudia-nayara\/perda\/claudia-nayara-perdeu-a-filha-ao-8-mes-de-gravidez-so-eu-e-que-sei-naquele-hospital-aquilo-que-sofri\" wbo-id=\"62\" rel=\"nofollow noopener\" target=\"_blank\">Cl\u00e1udia Nayara j\u00e1 esteve gr\u00e1vida no passado, mas perdeu a beb\u00e9 j\u00e1 na reta final.<\/a><\/p>\n<p>                        <script async src=\"\/\/www.instagram.com\/embed.js\"><\/script><\/p>\n","protected":false},"excerpt":{"rendered":"Cl\u00e1udia Nayara vive uma das fases mais especiais da sua vida. Gr\u00e1vida, a cantora tem partilhado com os&hellip;\n","protected":false},"author":2,"featured_media":34534,"comment_status":"","ping_status":"","sticky":false,"template":"","format":"standard","meta":{"footnotes":""},"categories":[142],"tags":[331,48,10905,329,333,328,335,336,114,115,334,332,330,13,32,33,151,162,227],"class_list":{"0":"post-59479","1":"post","2":"type-post","3":"status-publish","4":"format-standard","5":"has-post-thumbnail","7":"category-tv","8":"tag-big","9":"tag-big-brother","10":"tag-claudia-nayara","11":"tag-claudio-ramos","12":"tag-comentadores","13":"tag-concorrentes","14":"tag-confrontos","15":"tag-discussoes","16":"tag-entertainment","17":"tag-entretenimento","18":"tag-exclusivos","19":"tag-expulso","20":"tag-gala","21":"tag-noticias","22":"tag-portugal","23":"tag-pt","24":"tag-tv","25":"tag-tvi","26":"tag-videos"},"share_on_mastodon":{"url":"","error":""},"_links":{"self":[{"href":"https:\/\/www.europesays.com\/pt\/wp-json\/wp\/v2\/posts\/59479","targetHints":{"allow":["GET"]}}],"collection":[{"href":"https:\/\/www.europesays.com\/pt\/wp-json\/wp\/v2\/posts"}],"about":[{"href":"https:\/\/www.europesays.com\/pt\/wp-json\/wp\/v2\/types\/post"}],"author":[{"embeddable":true,"href":"https:\/\/www.europesays.com\/pt\/wp-json\/wp\/v2\/users\/2"}],"replies":[{"embeddable":true,"href":"https:\/\/www.europesays.com\/pt\/wp-json\/wp\/v2\/comments?post=59479"}],"version-history":[{"count":0,"href":"https:\/\/www.europesays.com\/pt\/wp-json\/wp\/v2\/posts\/59479\/revisions"}],"wp:featuredmedia":[{"embeddable":true,"href":"https:\/\/www.europesays.com\/pt\/wp-json\/wp\/v2\/media\/34534"}],"wp:attachment":[{"href":"https:\/\/www.europesays.com\/pt\/wp-json\/wp\/v2\/media?parent=59479"}],"wp:term":[{"taxonomy":"category","embeddable":true,"href":"https:\/\/www.europesays.com\/pt\/wp-json\/wp\/v2\/categories?post=59479"},{"taxonomy":"post_tag","embeddable":true,"href":"https:\/\/www.europesays.com\/pt\/wp-json\/wp\/v2\/tags?post=59479"}],"curies":[{"name":"wp","href":"https:\/\/api.w.org\/{rel}","templated":true}]}}