{"id":59509,"date":"2025-09-05T08:03:25","date_gmt":"2025-09-05T08:03:25","guid":{"rendered":"https:\/\/www.europesays.com\/pt\/59509\/"},"modified":"2025-09-05T08:03:25","modified_gmt":"2025-09-05T08:03:25","slug":"socios-enviam-carta-a-rui-costa-e-a-mag-do-benfica","status":"publish","type":"post","link":"https:\/\/www.europesays.com\/pt\/59509\/","title":{"rendered":"S\u00f3cios enviam carta a Rui Costa e \u00e0 MAG do Benfica"},"content":{"rendered":"<p>Um grupo de s\u00f3cios enviou uma carta dirigida ao presidente do <a class=\"autolink-enabled\" data-resource-id=\"450\" data-resource-type=\"team\" data-sport=\"football\" href=\"https:\/\/www.abola.pt\/futebol\/benfica-450\" rel=\"nofollow noopener\" target=\"_blank\">Benfica<\/a>, Rui Costa, e a Jos\u00e9 Pereira da Costa, presidente da Mesa da Assembleia Geral do clube (MAG), a tomar posi\u00e7\u00e3o e a fazer pedido em rela\u00e7\u00e3o aos procedimentos a adotar para as elei\u00e7\u00f5es dos \u00f3rg\u00e3os sociais marcadas para dia 25 de outubro.<\/p>\n<p>A proposta de regulamento eleitoral foi divulgada quarta-feira, inclui voto eletr\u00f3nico, mas este ponto est\u00e1 a dividir os candidatos.<\/p>\n<p>Na carta, subscrita por 116 s\u00f3cios, \u00e9 pedido que existam \u00abmesas de voto distribu\u00eddas por todo o Pa\u00eds, de forma a permitir que ningu\u00e9m fique a mais de 30 km de uma mesa de voto\u00bb e tamb\u00e9m a \u00abgarantia de participa\u00e7\u00e3o dos s\u00f3cios dos arquip\u00e9lagos e do estrangeiro, seja atrav\u00e9s do voto eletr\u00f3nico, seja atrav\u00e9s do voto por correspond\u00eancia\u00bb. O essencial, regista este grupo de associados, \u00e9 \u00abque nenhum s\u00f3cio seja exclu\u00eddo\u00bb. \u00abSe alguma candidatura se mostrar contra o voto eletr\u00f3nico \u2013 o que, a nosso ver, \u00e9 errado \u2013 tem de se garantir o voto por correspond\u00eancia. As mesas de voto no estrangeiro n\u00e3o garantem o direito ao voto dos s\u00f3cios, porque estar\u00e3o, em alguns casos, a mais de 1.000 km de dist\u00e2ncia da resid\u00eancia dos s\u00f3cios, ou podem nem ser instaladas nos pa\u00edses em que residem.\u00bb<\/p>\n<p>A proposta de regulamento eleitoral, apresentada pela Dire\u00e7\u00e3o e pela MAG, ser\u00e1 votada na Assembleia Geral de 27 de setembro destinada a votar as contas do clube. A primeira volta das elei\u00e7\u00f5es para os \u00f3rg\u00e3os sociais est\u00e1, ent\u00e3o, marcada para o pr\u00f3ximo dia 25 de outubro.<\/p>\n<p>Jo\u00e3o Diogo Manteigas, Jo\u00e3o Noronha Lopes, Martim Mayer, Crist\u00f3v\u00e3o Carvalho, Rui Costa e Lu\u00eds Filipe Vieira s\u00e3o os seis candidatos a presidente do <a class=\"autolink-enabled\" data-resource-id=\"450\" data-resource-type=\"team\" data-sport=\"football\" href=\"https:\/\/www.abola.pt\/futebol\/benfica-450\" rel=\"nofollow noopener\" target=\"_blank\">Benfica<\/a>.<\/p>\n","protected":false},"excerpt":{"rendered":"Um grupo de s\u00f3cios enviou uma carta dirigida ao presidente do Benfica, Rui Costa, e a Jos\u00e9 Pereira&hellip;\n","protected":false},"author":2,"featured_media":59510,"comment_status":"","ping_status":"","sticky":false,"template":"","format":"standard","meta":{"footnotes":""},"categories":[8],"tags":[27,28,15,16,14,25,26,21,22,12,13,19,20,32,23,24,33,17,18,29,30,31],"class_list":{"0":"post-59509","1":"post","2":"type-post","3":"status-publish","4":"format-standard","5":"has-post-thumbnail","7":"category-principais-noticias","8":"tag-breaking-news","9":"tag-breakingnews","10":"tag-featured-news","11":"tag-featurednews","12":"tag-headlines","13":"tag-latest-news","14":"tag-latestnews","15":"tag-main-news","16":"tag-mainnews","17":"tag-news","18":"tag-noticias","19":"tag-noticias-principais","20":"tag-noticiasprincipais","21":"tag-portugal","22":"tag-principais-noticias","23":"tag-principaisnoticias","24":"tag-pt","25":"tag-top-stories","26":"tag-topstories","27":"tag-ultimas","28":"tag-ultimas-noticias","29":"tag-ultimasnoticias"},"share_on_mastodon":{"url":"","error":""},"_links":{"self":[{"href":"https:\/\/www.europesays.com\/pt\/wp-json\/wp\/v2\/posts\/59509","targetHints":{"allow":["GET"]}}],"collection":[{"href":"https:\/\/www.europesays.com\/pt\/wp-json\/wp\/v2\/posts"}],"about":[{"href":"https:\/\/www.europesays.com\/pt\/wp-json\/wp\/v2\/types\/post"}],"author":[{"embeddable":true,"href":"https:\/\/www.europesays.com\/pt\/wp-json\/wp\/v2\/users\/2"}],"replies":[{"embeddable":true,"href":"https:\/\/www.europesays.com\/pt\/wp-json\/wp\/v2\/comments?post=59509"}],"version-history":[{"count":0,"href":"https:\/\/www.europesays.com\/pt\/wp-json\/wp\/v2\/posts\/59509\/revisions"}],"wp:featuredmedia":[{"embeddable":true,"href":"https:\/\/www.europesays.com\/pt\/wp-json\/wp\/v2\/media\/59510"}],"wp:attachment":[{"href":"https:\/\/www.europesays.com\/pt\/wp-json\/wp\/v2\/media?parent=59509"}],"wp:term":[{"taxonomy":"category","embeddable":true,"href":"https:\/\/www.europesays.com\/pt\/wp-json\/wp\/v2\/categories?post=59509"},{"taxonomy":"post_tag","embeddable":true,"href":"https:\/\/www.europesays.com\/pt\/wp-json\/wp\/v2\/tags?post=59509"}],"curies":[{"name":"wp","href":"https:\/\/api.w.org\/{rel}","templated":true}]}}