{"id":59572,"date":"2025-09-05T09:18:07","date_gmt":"2025-09-05T09:18:07","guid":{"rendered":"https:\/\/www.europesays.com\/pt\/59572\/"},"modified":"2025-09-05T09:18:07","modified_gmt":"2025-09-05T09:18:07","slug":"fernanda-paes-leme-retorna-ao-danca-e-manda-recado-a-milton-cun","status":"publish","type":"post","link":"https:\/\/www.europesays.com\/pt\/59572\/","title":{"rendered":"Fernanda Paes Leme retorna ao Dan\u00e7a e &#8216;manda recado&#8217; a Milton Cun"},"content":{"rendered":"<p>Depois de uma elimina\u00e7\u00e3o controversa na semana passada, Fernanda Paes Leme retornou ao **Dan\u00e7a dos Famosos**, segmento do **Doming\u00e3o com Huck**. A atriz, eliminada na repescagem ao lado de C\u00e1tia Fonseca, foi alvo de cr\u00edticas nas redes sociais. Internautas apontaram que, apesar de Nicole Bahls apresentar desempenho inferior, ela permaneceu no programa de acordo com a avalia\u00e7\u00e3o dos jurados.<\/p>\n<p>De acordo com as informa\u00e7\u00f5es da colunista F\u00e1bia Oliveira, do Metr\u00f3poles, a atriz apareceu na atra\u00e7\u00e3o de domingo cobrindo a disputa ao lado do comediante Ed Gama.<\/p>\n<p>Ainda segundo a coluna, ap\u00f3s a elimina\u00e7\u00e3o, Fernanda caiu no choro devido ao coment\u00e1rio feito por Milton Cunha. No momento, o jurado disse que ela n\u00e3o tinha gingado.<\/p>\n<p>Fernanda Paes Leme n\u00e3o teria deixado isso despercebido e, ao retornar ao est\u00fadio, teria lan\u00e7ado uma indireta. &#8220;Voc\u00eas n\u00e3o sabem o prazer que \u00e9 estar de volta&#8221;, disse a famosa.<\/p>\n<p>&#8220;Eu n\u00e3o queria sair, n\u00e3o queria [&#8230;] Eu sei o quanto eu tinha mais pra dar nesse programa, de alegria, de coreografia. Acho que foi uma coreografia muito dif\u00edcil, a m\u00fasica foi muito r\u00e1pida e uma pena que esse grau de dificuldade n\u00e3o tenha sido levado em conta&#8221;, disse na ocasi\u00e3o.<\/p>\n","protected":false},"excerpt":{"rendered":"Depois de uma elimina\u00e7\u00e3o controversa na semana passada, Fernanda Paes Leme retornou ao **Dan\u00e7a dos Famosos**, segmento do&hellip;\n","protected":false},"author":2,"featured_media":59573,"comment_status":"","ping_status":"","sticky":false,"template":"","format":"standard","meta":{"footnotes":""},"categories":[142],"tags":[4572,114,115,6351,32,33,151],"class_list":{"0":"post-59572","1":"post","2":"type-post","3":"status-publish","4":"format-standard","5":"has-post-thumbnail","7":"category-tv","8":"tag-danca-dos-famosos","9":"tag-entertainment","10":"tag-entretenimento","11":"tag-fernanda-paes-leme","12":"tag-portugal","13":"tag-pt","14":"tag-tv"},"share_on_mastodon":{"url":"","error":""},"_links":{"self":[{"href":"https:\/\/www.europesays.com\/pt\/wp-json\/wp\/v2\/posts\/59572","targetHints":{"allow":["GET"]}}],"collection":[{"href":"https:\/\/www.europesays.com\/pt\/wp-json\/wp\/v2\/posts"}],"about":[{"href":"https:\/\/www.europesays.com\/pt\/wp-json\/wp\/v2\/types\/post"}],"author":[{"embeddable":true,"href":"https:\/\/www.europesays.com\/pt\/wp-json\/wp\/v2\/users\/2"}],"replies":[{"embeddable":true,"href":"https:\/\/www.europesays.com\/pt\/wp-json\/wp\/v2\/comments?post=59572"}],"version-history":[{"count":0,"href":"https:\/\/www.europesays.com\/pt\/wp-json\/wp\/v2\/posts\/59572\/revisions"}],"wp:featuredmedia":[{"embeddable":true,"href":"https:\/\/www.europesays.com\/pt\/wp-json\/wp\/v2\/media\/59573"}],"wp:attachment":[{"href":"https:\/\/www.europesays.com\/pt\/wp-json\/wp\/v2\/media?parent=59572"}],"wp:term":[{"taxonomy":"category","embeddable":true,"href":"https:\/\/www.europesays.com\/pt\/wp-json\/wp\/v2\/categories?post=59572"},{"taxonomy":"post_tag","embeddable":true,"href":"https:\/\/www.europesays.com\/pt\/wp-json\/wp\/v2\/tags?post=59572"}],"curies":[{"name":"wp","href":"https:\/\/api.w.org\/{rel}","templated":true}]}}