{"id":59621,"date":"2025-09-05T10:09:53","date_gmt":"2025-09-05T10:09:53","guid":{"rendered":"https:\/\/www.europesays.com\/pt\/59621\/"},"modified":"2025-09-05T10:09:53","modified_gmt":"2025-09-05T10:09:53","slug":"virginia-fonseca-ganha-buque-de-flores-apos-curtir-viagem-com-vini-jr","status":"publish","type":"post","link":"https:\/\/www.europesays.com\/pt\/59621\/","title":{"rendered":"Virginia Fonseca ganha buqu\u00ea de flores ap\u00f3s curtir viagem com Vini Jr"},"content":{"rendered":"<p>A influenciadora digital Virginia Fonseca foi surpreendida com um buqu\u00ea de flores ap\u00f3s curtir alguns dias na Espanha com Vini Jr<\/p>\n<p><a href=\"https:\/\/caras.com.br\/tags\/virginia-fonseca\" rel=\"noopener nofollow\" target=\"_blank\"><strong>Virginia Fonseca<\/strong><\/a> chamou a aten\u00e7\u00e3o dos seguidores das redes sociais nesta quinta-feira, 4, ao mostrar que ganhou um buqu\u00ea de flores.\u00a0<\/p>\n<p>A apresentadora e influenciadora digital est\u00e1 retornando ao Brasil ap\u00f3s curtir alguns dias de descanso com alguns amigos na Espanha, e ao entrar no jatinho, ela foi surpreendida com as rosas-vermelhas.\u00a0&#8220;J\u00e1 falei que amo receber flores hoje?!&#8221;, escreveu ela na legenda da publica\u00e7\u00e3o ao mostrar o presente.\u00a0<\/p>\n<p>Os f\u00e3s acreditam que o buqu\u00ea foi um presente do jogador de futebol <strong>Vini Jr<\/strong>, devido aos rumores de que os dois est\u00e3o vivendo um affair ap\u00f3s o fim do casamento de Virginia com o cantor\u00a0<strong>Z\u00e9 Felipe<\/strong>. Apesar deles n\u00e3o terem se manifestado sobre o poss\u00edvel envolvimento, durante a viagem, a ex-nora de <strong>Leonardo\u00a0<\/strong><a href=\"https:\/\/caras.com.br\/atualidades\/rumores-com-vini-jr-crescem-apos-virginia-visitar-estadio-do-real-madrid.phtml\" rel=\"noopener nofollow\" target=\"_blank\">visitou o Santiago Bernab\u00e9u<\/a>, est\u00e1dio hist\u00f3rico do Real Madrid, onde o atacante atua.\u00a0<\/p>\n<p>Al\u00e9m disso, a influencer foi para um passeio de barco com seus amigos e mostrou alguns detalhes da embarca\u00e7\u00e3o nos stories do Instagram enquanto dan\u00e7ava e se divertia. Por sua vez, Vini compartilhou uma selfie dentro de um barco para os melhores amigos do Instagram. Eles n\u00e3o revelaram se est\u00e3o juntos, contudo, os internautas repararam em um detalhe semelhante nos posts: um acess\u00f3rio do barco no topo das duas fotos, que <a href=\"https:\/\/caras.com.br\/atualidades\/semelhanca-em-fotos-de-virginia-e-vini-jr-desperta-curiosidade-dos-fas.phtml\" rel=\"noopener nofollow\" target=\"_blank\">poderia demonstrar que eles estavam no mesmo lugar<\/a>.\u00a0Por fim, <a href=\"https:\/\/caras.com.br\/atualidades\/virginia-e-vini-jr-sao-flagrados-juntos-deixando-iate-de-luxo-na-espanha.phtml\" rel=\"noopener nofollow\" target=\"_blank\">Virginia e Vinicius foram vistos deixando um iate de luxo em Marbella<\/a>, segundo imagens exclusivas do portal LeoDias.\u00a0<\/p>\n<p>Mais cedo, <a href=\"https:\/\/caras.com.br\/viagem\/virginia-fonseca-se-despede-da-espanha-apos-viagem-com-amigos-estava-precisando.phtml\" rel=\"noopener nofollow\" target=\"_blank\">a famosa falou sobre sua viagem ao se despedir da Espanha<\/a>. &#8220;Indo embora muito feliz!!! Amei essa viagem e confesso que estava precisando de momentos assim com meus amigos!!! Foram tr\u00eas dias de muitas risadas, fofocas e momentos inesquec\u00edveis com pessoas especiais. Agora bora voltar para casa porque esse m\u00eas tem muita coisa para acontecer&#8221;, escreveu.<\/p>\n<p><strong>Confira:\u00a0<\/strong><\/p>\n<p>M\u00e1rcia Sensitiva faz an\u00e1lise sobre Virginia e Vini Jr<\/p>\n<p>A aproxima\u00e7\u00e3o de Virginia Fonseca e Vini Jr est\u00e1 dando o que falar nas redes sociais. Depois de uma festa no Brasil, os dois se reencontraram na Espanha para um passeio de barco. Com isso, <a href=\"https:\/\/caras.com.br\/horoscopo\/previsao-marcia-sensitiva-faz-analise-sobre-virginia-e-vini-jr.phtml\" rel=\"noopener nofollow\" target=\"_blank\">M\u00e1rcia Sensitiva fez uma an\u00e1lise sobre a proximidade deles<\/a>.<\/p>\n<p>Em participa\u00e7\u00e3o no programa Melhor da Tarde, na Band, a Sensitiva contou n\u00e3o v\u00ea os dois se tornando namorados no futuro. Ela afirmou que, se existe algo entre eles, \u00e9 apenas algo de \u2018ficantes\u2019.<\/p>\n<p>&#8220;Apenas um ficante. Os dois est\u00e3o no ano 1, que significa que \u00e9 tudo novo. \u00c9 legal, querem conhecer pessoas e etc. Eu n\u00e3o vejo isso aqui virar namoro. Os astros n\u00e3o mostram [um namoro], n\u00e3o vai render nada&#8221;, disse ela.<\/p>\n<p><strong>Leia tamb\u00e9m:<\/strong><a href=\"https:\/\/caras.com.br\/atualidades\/ze-felipe-fala-sobre-fase-solteiro-e-revela-preferencia-na-hora-do-beijo.phtml\" rel=\"noopener nofollow\" target=\"_blank\">Z\u00e9 Felipe fala sobre fase solteiro e revela prefer\u00eancia na hora do beijo<\/a><\/p>\n","protected":false},"excerpt":{"rendered":"A influenciadora digital Virginia Fonseca foi surpreendida com um buqu\u00ea de flores ap\u00f3s curtir alguns dias na Espanha&hellip;\n","protected":false},"author":2,"featured_media":59622,"comment_status":"","ping_status":"","sticky":false,"template":"","format":"standard","meta":{"footnotes":""},"categories":[145],"tags":[5634,211,210,114,115,32,33,814,1446],"class_list":{"0":"post-59621","1":"post","2":"type-post","3":"status-publish","4":"format-standard","5":"has-post-thumbnail","7":"category-celebridades","8":"tag-buque-de-flores","9":"tag-celebridades","10":"tag-celebrities","11":"tag-entertainment","12":"tag-entretenimento","13":"tag-portugal","14":"tag-pt","15":"tag-viagem","16":"tag-virginia-fonseca"},"share_on_mastodon":{"url":"","error":""},"_links":{"self":[{"href":"https:\/\/www.europesays.com\/pt\/wp-json\/wp\/v2\/posts\/59621","targetHints":{"allow":["GET"]}}],"collection":[{"href":"https:\/\/www.europesays.com\/pt\/wp-json\/wp\/v2\/posts"}],"about":[{"href":"https:\/\/www.europesays.com\/pt\/wp-json\/wp\/v2\/types\/post"}],"author":[{"embeddable":true,"href":"https:\/\/www.europesays.com\/pt\/wp-json\/wp\/v2\/users\/2"}],"replies":[{"embeddable":true,"href":"https:\/\/www.europesays.com\/pt\/wp-json\/wp\/v2\/comments?post=59621"}],"version-history":[{"count":0,"href":"https:\/\/www.europesays.com\/pt\/wp-json\/wp\/v2\/posts\/59621\/revisions"}],"wp:featuredmedia":[{"embeddable":true,"href":"https:\/\/www.europesays.com\/pt\/wp-json\/wp\/v2\/media\/59622"}],"wp:attachment":[{"href":"https:\/\/www.europesays.com\/pt\/wp-json\/wp\/v2\/media?parent=59621"}],"wp:term":[{"taxonomy":"category","embeddable":true,"href":"https:\/\/www.europesays.com\/pt\/wp-json\/wp\/v2\/categories?post=59621"},{"taxonomy":"post_tag","embeddable":true,"href":"https:\/\/www.europesays.com\/pt\/wp-json\/wp\/v2\/tags?post=59621"}],"curies":[{"name":"wp","href":"https:\/\/api.w.org\/{rel}","templated":true}]}}