{"id":59731,"date":"2025-09-05T12:28:10","date_gmt":"2025-09-05T12:28:10","guid":{"rendered":"https:\/\/www.europesays.com\/pt\/59731\/"},"modified":"2025-09-05T12:28:10","modified_gmt":"2025-09-05T12:28:10","slug":"elevador-da-gloria-gabinete-de-prevencao-e-investigacao-emite-esta-sexta-feira-nota-sobre-acidente","status":"publish","type":"post","link":"https:\/\/www.europesays.com\/pt\/59731\/","title":{"rendered":"Elevador da Gl\u00f3ria. Gabinete de Preven\u00e7\u00e3o e Investiga\u00e7\u00e3o emite esta sexta-feira nota sobre acidente"},"content":{"rendered":"<p>O\u00a0deputado municipal do Chega e candidato \u00e0 C\u00e2mara de Lisboa Bruno Mascarenhas anunciou esta sexta-feira, 5 de setembro, a apresenta\u00e7\u00e3o de uma mo\u00e7\u00e3o de censura ao executivo da c\u00e2mara de Lisboa, exigindo responsabilidades pelo acidente com o elevador da Gl\u00f3ria.<\/p>\n<p><strong>\u201cFizemos um documento que \u00e9 uma mo\u00e7\u00e3o de\u00a0censura a este executivo, para ser discutido precisamente na pr\u00f3xima ter\u00e7a-feira. O engenheiro Moedas, se assim o entender, se n\u00e3o faltar, estar\u00e1 em condi\u00e7\u00f5es de debater connosco esta\u00a0quest\u00e3o\u201d, afirmou Bruno Mascarenhas, deputado municipal e candidato \u00e0 C\u00e2mara de Lisboa pelo partido.<\/strong><\/p>\n<p>Em confer\u00eancia de imprensa na sede do partido, em Lisboa, o deputado municipal defendeu \u201co apuramento de responsabilidades\u00a0por parte do executivo camar\u00e1rio\u201d.<\/p>\n<p><strong>Antes, o l\u00edder do partido, Andr\u00e9 Ventura, tinha igualmente defendido que a C\u00e2mara de Lisboa \u00e9 o respons\u00e1vel m\u00e1ximo, uma vez que a Carris \u00e9 uma empresa p\u00fablica com gest\u00e3o municipal.<\/strong><\/p>\n<p><strong>\u201cEu vejo dif\u00edcil que nestas circunst\u00e2ncias, como ali\u00e1s j\u00e1\u00a0aconteceu noutras em Portugal, que gerou v\u00edtimas mortais, o titular m\u00e1ximo da pasta n\u00e3o assuma responsabilidade\u201d, defendeu.<\/strong><\/p>\n<p>Andr\u00e9 Ventura lembrou que em 2021 Carlos Moedas pediu a demiss\u00e3o do ent\u00e3o presidente da C\u00e2mara de Lisboa, Fernando Medina, na sequ\u00eancia da transmiss\u00e3o \u00e0 R\u00fassia de dados de manifestantes anti-Putin.<\/p>\n<p>\u201cO que diria Carlos Moedas, que pediu a\u00a0admiss\u00e3o de Fernando Medina por transmiss\u00e3o de dados \u00e0 embaixada russa, mesmo que isso fosse um\u00a0erro t\u00e9cnico, ao Moedas de 2025, ap\u00f3s 16 mortes ocorridas no centro da capital e v\u00e1rios feridos,\u00a0tenham sido erros t\u00e9cnicos ou n\u00e3o? E essa pergunta n\u00e3o deixa de ecoar na minha cabe\u00e7a, sobre os\u00a0pol\u00edticos que exigem responsabilidade a toda hora, mas quando chega o seu momento de assumir essa\u00a0responsabilidade, pretendem assac\u00e1-la a todos, menos a si pr\u00f3prio e \u00e0 sua gest\u00e3o\u201d, salientou.<\/p>\n<p><strong>A Assembleia Municipal de Lisboa, na qual o Chega est\u00e1 representado com um grupo de tr\u00eas deputados, pode votar mo\u00e7\u00f5es de censura \u00e0 C\u00e2mara Municipal &#8220;em avalia\u00e7\u00e3o da a\u00e7\u00e3o desenvolvida pela mesma ou por qualquer dos seus elementos&#8221;, prev\u00ea-se, no regimento daquele \u00f3rg\u00e3o.<\/strong><\/p>\n<p>Lusa \u00a0<\/p>\n","protected":false},"excerpt":{"rendered":"O\u00a0deputado municipal do Chega e candidato \u00e0 C\u00e2mara de Lisboa Bruno Mascarenhas anunciou esta sexta-feira, 5 de setembro,&hellip;\n","protected":false},"author":2,"featured_media":59732,"comment_status":"","ping_status":"","sticky":false,"template":"","format":"standard","meta":{"footnotes":""},"categories":[10],"tags":[27,28,16842,16269,15,16,14,25,26,21,22,12,13,19,20,32,23,24,33,17,18,29,30,31],"class_list":{"0":"post-59731","1":"post","2":"type-post","3":"status-publish","4":"format-standard","5":"has-post-thumbnail","7":"category-portugal","8":"tag-breaking-news","9":"tag-breakingnews","10":"tag-descarrilamento","11":"tag-elevador-da-gloria","12":"tag-featured-news","13":"tag-featurednews","14":"tag-headlines","15":"tag-latest-news","16":"tag-latestnews","17":"tag-main-news","18":"tag-mainnews","19":"tag-news","20":"tag-noticias","21":"tag-noticias-principais","22":"tag-noticiasprincipais","23":"tag-portugal","24":"tag-principais-noticias","25":"tag-principaisnoticias","26":"tag-pt","27":"tag-top-stories","28":"tag-topstories","29":"tag-ultimas","30":"tag-ultimas-noticias","31":"tag-ultimasnoticias"},"share_on_mastodon":{"url":"","error":""},"_links":{"self":[{"href":"https:\/\/www.europesays.com\/pt\/wp-json\/wp\/v2\/posts\/59731","targetHints":{"allow":["GET"]}}],"collection":[{"href":"https:\/\/www.europesays.com\/pt\/wp-json\/wp\/v2\/posts"}],"about":[{"href":"https:\/\/www.europesays.com\/pt\/wp-json\/wp\/v2\/types\/post"}],"author":[{"embeddable":true,"href":"https:\/\/www.europesays.com\/pt\/wp-json\/wp\/v2\/users\/2"}],"replies":[{"embeddable":true,"href":"https:\/\/www.europesays.com\/pt\/wp-json\/wp\/v2\/comments?post=59731"}],"version-history":[{"count":0,"href":"https:\/\/www.europesays.com\/pt\/wp-json\/wp\/v2\/posts\/59731\/revisions"}],"wp:featuredmedia":[{"embeddable":true,"href":"https:\/\/www.europesays.com\/pt\/wp-json\/wp\/v2\/media\/59732"}],"wp:attachment":[{"href":"https:\/\/www.europesays.com\/pt\/wp-json\/wp\/v2\/media?parent=59731"}],"wp:term":[{"taxonomy":"category","embeddable":true,"href":"https:\/\/www.europesays.com\/pt\/wp-json\/wp\/v2\/categories?post=59731"},{"taxonomy":"post_tag","embeddable":true,"href":"https:\/\/www.europesays.com\/pt\/wp-json\/wp\/v2\/tags?post=59731"}],"curies":[{"name":"wp","href":"https:\/\/api.w.org\/{rel}","templated":true}]}}