{"id":59735,"date":"2025-09-05T12:34:19","date_gmt":"2025-09-05T12:34:19","guid":{"rendered":"https:\/\/www.europesays.com\/pt\/59735\/"},"modified":"2025-09-05T12:34:19","modified_gmt":"2025-09-05T12:34:19","slug":"novela-turca-surpreende-globo-e-toma-lideranca-de-vale-tudo-no-streaming-uol","status":"publish","type":"post","link":"https:\/\/www.europesays.com\/pt\/59735\/","title":{"rendered":"Novela turca surpreende Globo e toma lideran\u00e7a de &#039;Vale Tudo&#039; no streaming &#8211; UOL"},"content":{"rendered":"<ol>\n<li><a href=\"https:\/\/news.google.com\/rss\/articles\/CBMi0wFBVV95cUxNbmRqRUd1a0QzR3NIWk1YRUo3U3gwNnRzbFZocG5BdXRxY1NQLTFYSXBTYXNIWThTbGVtUkZ0THNQS2diZVhRTFdyQjZJLUNUVV9DQThHUUQxd1pvWUhocExsREFJeU5BXy1mNzFrZGM2NEkydWRWeVdKSXUwQnlJMWszbFVCakc1MmVSXy1nOVNLNFpadFd6elIzRzVsVlUxY2stRnFkQkhiSUFtWXE1aEtIcDZDcWVRTjZINVpBZzZHV2RXZ0swY3dOZDBEbDNhOTlv0gHYAUFVX3lxTE14U19BRGowZnNpSERXSlJlZzdsYkVGYktycDNkbHAxSHNEUFBFejBQT0dJZkZJQWJEWEtGMFlKVXhiX0ZqZDVrUXNKX1FrV0gtQzZIaUdHSnNXXzlZMTRCYm1OSmdhSFVnY2VXbDVoeGZRZXRjNW1YZ3p0VW5WbGJJVl9VazBlSldtM2E5UHJ2R3dLRTlKVUpGMTdTWHJoYWZrZkx6VXVrZnRGTGN2enhISHVxWHlWWnk0TEFkbW1DSFB0c1JwN0pieWpGMXFZRGN3bEpyQmdPYg?oc=5\" target=\"_blank\" rel=\"nofollow noopener\">Novela turca surpreende Globo e toma lideran\u00e7a de &#8216;Vale Tudo&#8217; no streaming<\/a>&nbsp;&nbsp;UOL<\/li>\n<li><a href=\"https:\/\/news.google.com\/rss\/articles\/CBMiwgFBVV95cUxPUVpzRE54VWxHLUpnSnptYndCc2JtQWN2R0pEMzV2TFlWRzhhRTRDNmlDdEhOT29tZDcweE1DRy0ydkRZUW16aF9MZ2RxU3RvaGV3Y08tVVB6a2stajZqWUx5Uk9sQjljNDF3Z3Q5LXpfSmJ2eVFhYllmOVBoQVdGLXFRYnozNWE4Y281Mi1KOG5RWFlKc0cwcjJBbno0R1h4b2N4OGtiajJnbktMS1hYbnk1UlRKalF2dmlqaDdUYXJHQdIBxwFBVV95cUxQNFlmZUpaMFlEY1d3NkFQczM3eDltMnBrME5hOFZPM3JoY0NhRVpfTlZBa0YxRHhrV294LXV1bW9BOU01aXhCR2RaeGVHNDQwTXZYTThoU2hFVmJqUXRwc3U4UVZ5dU5HY2pBNGhrSDVtdTlISUtoc053enRmNUxGOWRPVS0yRThBYXBWOUxGaWJMNTVvN0NNWWRsSnJndXdBYnRDZGtXQnhRcGVQWThKbTRsUHdIVmk3WS1WNFdhRy1lQmQxSEdj?oc=5\" target=\"_blank\" rel=\"nofollow noopener\">5 lan\u00e7amentos do Globoplay em setembro de 2025<\/a>&nbsp;&nbsp;Correio Braziliense<\/li>\n<li><a href=\"https:\/\/news.google.com\/rss\/articles\/CBMi7AFBVV95cUxOamVJOE9ITUpBeDk0NmFxNzV5a200WTg3d2Q4SVhxNEF5eldHTWh5Z0hQN2JVNkhOaFQwd0l6RGtIM3FBTm81cHFUb0dDWEhHYmF4X3ZweXRUTHBjOGlidHBydVp6Umhpd2g3bUNFeW9TOGdyUkxXS3NTTVhlTWNnMWM1RW9XdUtYVW4tYTlwTWlzUkppQTRJU3M3VTNNUFNONDVRZlhILXZzYUdoM1Ffam1rRHU3bk5jSWdzbHo0RmN4MFJwYWtER2huTUtCMkhNY1ZLOUE5MDNoZkdJTzN4WFhfZV9icDFDdzlieNIB-wFBVV95cUxNaGFUZDh5MjdvUFFOTy16aVVjdEJ6dTd1eUFmVlVXV3N3RS1qaTQyZmhPRDI0NlVWMkQ2NEhLcEhkYTlIOEtVSTNZOXp3aGpyTHk2NGliMU5JMVhvWXdQMGVLNkQ0UnEza1l6UzdiUEdVakJXOGtsSXZ5eEd3cnN2VkJQMnhnMFFWaGEzaW1vM2FhMUFuZW9vbmpkSDNiNEJUYjBCa2VLZ2NLM2g5am9RSG9ncUhTNl92VWxOUU9wZHJlejItb3BsR3JNREZtMEQ2ZkdseFNwWmRyT2JnVVNlc2FJTDdtS0ktTFVVMUdQSEJzYzZTT29heXZVVQ?oc=5\" target=\"_blank\" rel=\"nofollow noopener\">Casal protoganista de Dolunay tamb\u00e9m fez par rom\u00e2ntico em outra novela turca dispon\u00edvel no Globoplay; conhe\u00e7a<\/a>&nbsp;&nbsp;Gshow<\/li>\n<li><a href=\"https:\/\/news.google.com\/rss\/articles\/CBMitAFBVV95cUxQR3UzVHV5TkYxRVB0M2tzd0d2NWVONC0tZWF6dFlqUnBMVkg0M3NteUh4QVp0YnNmSnhaaXlJUnhjckZQWXZGMzRCYTlXQV9TU3k2X0w2dkpoazlocGlzZlFvX0N6YS01YlVvV1BLS0NleFVjMzRYRURCdEpXVzhzck9QNm5Ba3JIanVlUXZvZGtaNUNWbFVSclJkZHd3WGRhVFk1YmhBb3RybUJnU1FmZ2FaZFE?oc=5\" target=\"_blank\" rel=\"nofollow noopener\">Globo traz 4 novelas de volta em setembro com duas que nunca foram reprisadas<\/a>&nbsp;&nbsp;NSC Total<\/li>\n<li><a href=\"https:\/\/news.google.com\/rss\/articles\/CBMizwFBVV95cUxQUGFXbGdYT1RURW9Fd2pjWlJmOHIxZFFJN183dE5SVXk5a2JIS1pENHpGOEhOSnVXcW55eWw3aGFjLUdYeUs1dl9IM3JmcDRUakVJcXZyUlM5MTNnTHd2OGtwN0FDcldsTWZQTlVJZktENDhtRm1QLXhQa3RqMDJVX3dicFlqckg4QWJrMHU1amVVaU1rYUxRNjlOdzJYR1dMVHRRSWphY3N5LWdUTm1GWTI3WnRQeHR2ajBPUmM3dTZQdktHX0pOdWxhNmczZW8?oc=5\" target=\"_blank\" rel=\"nofollow noopener\">Reprises imperd\u00edveis: 5 novelas famosas para assistir no Globoplay em setembro<\/a>&nbsp;&nbsp;O TEMPO<\/li>\n<\/ol>\n","protected":false},"excerpt":{"rendered":"Novela turca surpreende Globo e toma lideran\u00e7a de &#8216;Vale Tudo&#8217; no streaming&nbsp;&nbsp;UOL 5 lan\u00e7amentos do Globoplay em setembro&hellip;\n","protected":false},"author":2,"featured_media":39137,"comment_status":"","ping_status":"","sticky":false,"template":"","format":"standard","meta":{"footnotes":""},"categories":[142],"tags":[219,935,211,223,114,115,224,225,226,753,3179,221,220,222,2931,32,33,940,2566,218,228,2428,151,2930,227],"class_list":{"0":"post-59735","1":"post","2":"type-post","3":"status-publish","4":"format-standard","5":"has-post-thumbnail","7":"category-tv","8":"tag-bichos","9":"tag-canais-de-tv","10":"tag-celebridades","11":"tag-colunistas","12":"tag-entertainment","13":"tag-entretenimento","14":"tag-estranho","15":"tag-eu-amo","16":"tag-fofices","17":"tag-globo","18":"tag-globoplay","19":"tag-horoscopo","20":"tag-humanos","21":"tag-humor","22":"tag-novela","23":"tag-portugal","24":"tag-pt","25":"tag-streaming","26":"tag-televiso","27":"tag-televisao","28":"tag-tudo","29":"tag-turquia","30":"tag-tv","31":"tag-vale-tudo-novela","32":"tag-videos"},"share_on_mastodon":{"url":"","error":""},"_links":{"self":[{"href":"https:\/\/www.europesays.com\/pt\/wp-json\/wp\/v2\/posts\/59735","targetHints":{"allow":["GET"]}}],"collection":[{"href":"https:\/\/www.europesays.com\/pt\/wp-json\/wp\/v2\/posts"}],"about":[{"href":"https:\/\/www.europesays.com\/pt\/wp-json\/wp\/v2\/types\/post"}],"author":[{"embeddable":true,"href":"https:\/\/www.europesays.com\/pt\/wp-json\/wp\/v2\/users\/2"}],"replies":[{"embeddable":true,"href":"https:\/\/www.europesays.com\/pt\/wp-json\/wp\/v2\/comments?post=59735"}],"version-history":[{"count":0,"href":"https:\/\/www.europesays.com\/pt\/wp-json\/wp\/v2\/posts\/59735\/revisions"}],"wp:featuredmedia":[{"embeddable":true,"href":"https:\/\/www.europesays.com\/pt\/wp-json\/wp\/v2\/media\/39137"}],"wp:attachment":[{"href":"https:\/\/www.europesays.com\/pt\/wp-json\/wp\/v2\/media?parent=59735"}],"wp:term":[{"taxonomy":"category","embeddable":true,"href":"https:\/\/www.europesays.com\/pt\/wp-json\/wp\/v2\/categories?post=59735"},{"taxonomy":"post_tag","embeddable":true,"href":"https:\/\/www.europesays.com\/pt\/wp-json\/wp\/v2\/tags?post=59735"}],"curies":[{"name":"wp","href":"https:\/\/api.w.org\/{rel}","templated":true}]}}