{"id":59763,"date":"2025-09-05T13:09:23","date_gmt":"2025-09-05T13:09:23","guid":{"rendered":"https:\/\/www.europesays.com\/pt\/59763\/"},"modified":"2025-09-05T13:09:23","modified_gmt":"2025-09-05T13:09:23","slug":"as-palavras-absurdas-que-aldeide-ouvira-da-boca-da-melhor-amiga","status":"publish","type":"post","link":"https:\/\/www.europesays.com\/pt\/59763\/","title":{"rendered":"as palavras absurdas que Alde\u00edde ouvir\u00e1 da boca da melhor amiga"},"content":{"rendered":"<p>                        <a href=\"https:\/\/img.nsctotal.com.br\/wp-content\/uploads\/2025\/09\/Consuelo-vai-falar-coisas-para-Aldeide-que-pode-se-arrepender-depois-em-Vale-Tudo-1.jpg\" data-caption=\"Consu\u00ealo vai falar coisas para Alde\u00edde que pode se arrepender depois em Vale Tudo (1)\" aria-label=\"Consu\u00ealo vai falar coisas para Alde\u00edde que pode se arrepender depois em Vale Tudo (1)\" rel=\"nofollow noopener\" target=\"_blank\"><img width=\"944\" height=\"531\" src=\"https:\/\/www.europesays.com\/pt\/wp-content\/uploads\/2025\/09\/Consuelo-vai-falar-coisas-para-Aldeide-que-pode-se-arrepender-depois-em-Vale-Tudo-1-944x531.jpg\" class=\"attachment-custom-large size-custom-large article-featured-image\" alt=\"Consu\u00ealo vai falar coisas para Alde\u00edde que pode se arrepender depois em Vale Tudo (1)\" fetchpriority=\"high\" decoding=\"async\"  \/><\/a><\/p>\n<p>Consu\u00ealo vai falar coisas para Alde\u00edde que pode se arrepender depois em Vale Tudo (Foto: Reprodu\u00e7\u00e3o, TV Globo)<\/p>\n<p>Alde\u00edde (Karine Teles) e Andr\u00e9 (Breno Ferreira) tinham um problema at\u00e9 ent\u00e3o em Vale Tudo. O casal precisava saber como iriam contar para todo mundo, incluindo a fam\u00edlia do rapaz, que eles estavam namorando.<\/p>\n<p>Continua depois da publicidade<\/p>\n<p>Pois o problema vai acabar, no cap\u00edtulo desta sexta-feira (5) de Vale Tudo. Isso porque Consu\u00ealo (Belize Pombal) vai encontrar os dois aos beijos e descobrir da pior maneira poss\u00edvel que o filho dela est\u00e1 namorando com a sua melhor amiga.<\/p>\n<p>\u00c9 claro que a rea\u00e7\u00e3o de Consu\u00ealo n\u00e3o ser\u00e1 das melhores e ela n\u00e3o vai entender o que est\u00e1 acontecendo. Andr\u00e9 vai at\u00e9 tentar agir como se o flagra fosse algo normal. Para ele, namorar Alde\u00edde n\u00e3o tem nada de errado.<\/p>\n<p>Continua depois da publicidade<\/p>\n<p>Consu\u00ealo vai falar palavras absurdas para Alde\u00edde<\/p>\n<p>No entanto, para Alde\u00edde, que conhece bem a melhor amiga, o problema \u00e9 maior. Ela sabe que ser\u00e1 dif\u00edcil para Consu\u00ealo aceitar o fato dela namorar um menino que viu crescer. Talvez por isso estivesse evitando at\u00e9 agora revelar o segredo para a sua grande amiga.<\/p>\n<p>O problema \u00e9 que Consu\u00ealo n\u00e3o vai se segurar, e vai esquecer totalmente que est\u00e1 lidando com a melhor amiga, dizendo frases que ela pode at\u00e9 se arrepender depois. A secret\u00e1ria da TCA vai chegar a chamar a amiga de \u201cpervertida\u201d.<\/p>\n<p>\u201cVoc\u00eas o qu\u00ea??? Voc\u00eas se amam??? Que se ama o qu\u00ea, Alde\u00edde? Voc\u00ea n\u00e3o tem vergonha? Uma senhora, que viu Andr\u00e9 andando de bicicleta de rodinha!\u201d, dir\u00e1 Consu\u00ealo ao flagrar Alde\u00edde e Andr\u00e9 juntos.<\/p>\n<p>Continua depois da publicidade<\/p>\n<p><a href=\"https:\/\/www.europesays.com\/pt\/wp-content\/uploads\/2025\/09\/Consuelo-vai-falar-coisas-para-Aldeide-que-pode-se-arrepender-depois-em-Vale-Tudo.jpg\"><img loading=\"lazy\" decoding=\"async\" width=\"1200\" height=\"675\" src=\"https:\/\/www.europesays.com\/pt\/wp-content\/uploads\/2025\/09\/Consuelo-vai-falar-coisas-para-Aldeide-que-pode-se-arrepender-depois-em-Vale-Tudo.jpg\" alt=\"Consu\u00ealo vai falar coisas para Alde\u00edde que pode se arrepender depois em Vale Tudo\" class=\"wp-image-7637436\"  \/><\/a>Consu\u00ealo n\u00e3o vai entender o namoro de Alde\u00edde e Andr\u00e9 (Foto: Reprodu\u00e7\u00e3o, TV Globo)<\/p>\n","protected":false},"excerpt":{"rendered":"Consu\u00ealo vai falar coisas para Alde\u00edde que pode se arrepender depois em Vale Tudo (Foto: Reprodu\u00e7\u00e3o, TV Globo)&hellip;\n","protected":false},"author":2,"featured_media":59764,"comment_status":"","ping_status":"","sticky":false,"template":"","format":"standard","meta":{"footnotes":""},"categories":[142],"tags":[114,115,32,33,151,543],"class_list":{"0":"post-59763","1":"post","2":"type-post","3":"status-publish","4":"format-standard","5":"has-post-thumbnail","7":"category-tv","8":"tag-entertainment","9":"tag-entretenimento","10":"tag-portugal","11":"tag-pt","12":"tag-tv","13":"tag-ver-ouvir-ler"},"share_on_mastodon":{"url":"","error":""},"_links":{"self":[{"href":"https:\/\/www.europesays.com\/pt\/wp-json\/wp\/v2\/posts\/59763","targetHints":{"allow":["GET"]}}],"collection":[{"href":"https:\/\/www.europesays.com\/pt\/wp-json\/wp\/v2\/posts"}],"about":[{"href":"https:\/\/www.europesays.com\/pt\/wp-json\/wp\/v2\/types\/post"}],"author":[{"embeddable":true,"href":"https:\/\/www.europesays.com\/pt\/wp-json\/wp\/v2\/users\/2"}],"replies":[{"embeddable":true,"href":"https:\/\/www.europesays.com\/pt\/wp-json\/wp\/v2\/comments?post=59763"}],"version-history":[{"count":0,"href":"https:\/\/www.europesays.com\/pt\/wp-json\/wp\/v2\/posts\/59763\/revisions"}],"wp:featuredmedia":[{"embeddable":true,"href":"https:\/\/www.europesays.com\/pt\/wp-json\/wp\/v2\/media\/59764"}],"wp:attachment":[{"href":"https:\/\/www.europesays.com\/pt\/wp-json\/wp\/v2\/media?parent=59763"}],"wp:term":[{"taxonomy":"category","embeddable":true,"href":"https:\/\/www.europesays.com\/pt\/wp-json\/wp\/v2\/categories?post=59763"},{"taxonomy":"post_tag","embeddable":true,"href":"https:\/\/www.europesays.com\/pt\/wp-json\/wp\/v2\/tags?post=59763"}],"curies":[{"name":"wp","href":"https:\/\/api.w.org\/{rel}","templated":true}]}}