{"id":59815,"date":"2025-09-05T13:58:18","date_gmt":"2025-09-05T13:58:18","guid":{"rendered":"https:\/\/www.europesays.com\/pt\/59815\/"},"modified":"2025-09-05T13:58:18","modified_gmt":"2025-09-05T13:58:18","slug":"china-enfrenta-crise-solar-e-planeia-fechar-fabricas","status":"publish","type":"post","link":"https:\/\/www.europesays.com\/pt\/59815\/","title":{"rendered":"China enfrenta crise solar e planeia fechar f\u00e1bricas"},"content":{"rendered":"<p>China domina a produ\u00e7\u00e3o mundial de energia solar, respons\u00e1vel por quase 90% das c\u00e9lulas solares do planeta. Mas tal dom\u00ednio trouxe um problema grave: excesso de oferta, pre\u00e7os em queda e perdas bilion\u00e1rias. Agora, Pequim prepara um \u201creset\u201d da ind\u00fastria para estabilizar o setor e proteger a sua lideran\u00e7a.<\/p>\n<p><a target=\"_blank\" href=\"https:\/\/pplware.sapo.pt\/wp-content\/uploads\/2025\/09\/china_solar00.jpg\" onclick=\"refreshIframe()\" class=\"foobox\" rel=\"nofollow noopener\"><img fetchpriority=\"high\" decoding=\"async\" src=\"https:\/\/www.europesays.com\/pt\/wp-content\/uploads\/2025\/09\/china_solar00-720x404.jpg\" alt=\"Imagem f\u00e1bricas de pain\u00e9is solares na China\" width=\"720\" height=\"404\" class=\"aligncenter wp-image-1076940 size-medium\"  \/><\/a><\/p>\n<p>China: produ\u00e7\u00e3o em excesso e queda de pre\u00e7os<\/p>\n<p>Entre 2020 e 2023, Pequim direcionou recursos do setor imobili\u00e1rio para as \u201ctr\u00eas novas ind\u00fastrias de crescimento\u201d: pain\u00e9is solares, carros el\u00e9tricos e baterias.<\/p>\n<p>O resultado foi uma produ\u00e7\u00e3o sem precedentes: em 2024, <strong>o pa\u00eds fabricou 588 GW de c\u00e9lulas solares<\/strong>, mais do que o dobro da procura mundial de 451 GW, segundo pode se l ido no <a target=\"_blank\" href=\"https:\/\/www.ft.com\/content\/debdb94a-822d-4115-b45f-5623d9f9c7a2\" rel=\"nofollow noopener\">Financial Times<\/a>.<\/p>\n<p>Os pre\u00e7os desabaram, com empresas vendendo abaixo do custo, gerando perdas superiores a 60 mil milh\u00f5es de d\u00f3lares (cerca de 55,5 mil milh\u00f5es de euros). O <strong>polisil\u00edcio, mat\u00e9ria-prima essencial, caiu para cerca de 50 yuan por quilo<\/strong>.<\/p>\n<p>As cinco maiores empresas fotovoltaicas reduziram 31% das suas equipas, cerca de <strong>87.000 despedimentos<\/strong>.<\/p>\n<p><a target=\"_blank\" href=\"https:\/\/pplware.sapo.pt\/wp-content\/uploads\/2025\/09\/china_solar01.jpg\" onclick=\"refreshIframe()\" class=\"foobox\" rel=\"nofollow noopener\"><img loading=\"lazy\" decoding=\"async\" src=\"https:\/\/www.europesays.com\/pt\/wp-content\/uploads\/2025\/09\/china_solar01-720x404.jpg\" alt=\"\" width=\"720\" height=\"404\" class=\"aligncenter size-medium wp-image-1076941\"  \/><\/a><\/p>\n<p>Fracasso da autorregula\u00e7\u00e3o e interven\u00e7\u00e3o estatal<\/p>\n<p>Tentativas de limitar a produ\u00e7\u00e3o, como o pacto de \u201cautodisciplina\u201d de 2024, falharam.<\/p>\n<p>O Governo da China decidiu intervir com um fundo de pelo menos 50.000 milh\u00f5es de yuanes (cerca de 6,9 mil milh\u00f5es de euros) para adquirir e encerrar capacidade de produ\u00e7\u00e3o de polisil\u00edcio, buscando estabilizar pre\u00e7os.<\/p>\n<p>Empresas como Daqo New Energy e GCL Technology anunciaram cortes parciais de capacidade, enquanto o Minist\u00e9rio da Ind\u00fastria exigiu encerramentos de f\u00e1bricas subutilizadas e refor\u00e7ou exig\u00eancias ambientais.<\/p>\n<p>Impacto econ\u00f3mico, pol\u00edtico e tecnol\u00f3gico<\/p>\n<p>O ajuste solar tem dimens\u00e3o econ\u00f3mica, pol\u00edtica e geoestrat\u00e9gica. Exporta\u00e7\u00f5es baratas tensionaram rela\u00e7\u00f5es com Estados Unidos e Europa, enquanto Pequim mant\u00e9m vendas a pa\u00edses em desenvolvimento via iniciativa da Franja e Rota.<\/p>\n<p>Apesar das perdas, as seis maiores empresas investiram 3.400 milh\u00f5es de yuanes (cerca de 470 milh\u00f5es de euros) em I&amp;D no primeiro semestre de 2025, elevando a efici\u00eancia das c\u00e9lulas solares de 20% para 30%.<\/p>\n<p><a target=\"_blank\" href=\"https:\/\/pplware.sapo.pt\/wp-content\/uploads\/2025\/09\/china_solar02.jpg\" onclick=\"refreshIframe()\" class=\"foobox\" rel=\"nofollow noopener\"><img loading=\"lazy\" decoding=\"async\" src=\"https:\/\/www.europesays.com\/pt\/wp-content\/uploads\/2025\/09\/china_solar02-720x404.jpg\" alt=\"\" width=\"720\" height=\"404\" class=\"aligncenter size-medium wp-image-1076942\"  \/><\/a><\/p>\n<p>O dilema da hegemonia<\/p>\n<p>Analistas apontam que seria necess\u00e1rio reduzir entre 20% e 30% da capacidade para restaurar a rentabilidade, um ajuste complicado pelos interesses provinciais em emprego e investimento local.<\/p>\n<p>A receita que construiu a hegemonia, produ\u00e7\u00e3o em massa e pre\u00e7os baixos, amea\u00e7a agora destru\u00ed-la. Pequim enfrenta a decis\u00e3o de permitir que a ultracompeti\u00e7\u00e3o fragilize os campe\u00f5es ou aceitar um ajuste doloroso para preservar o setor.<\/p>\n<p>A economista Alicia Garc\u00eda-Herrero alerta:<\/p>\n<blockquote>\n<p>Em nenhum outro setor dominam mais do que neste.<\/p>\n<\/blockquote>\n<p>\u00c9 por isso que <strong>Pequim parece disposto a resetear o seu sol<\/strong>, mesmo que seja doloroso, para evitar que a maior hist\u00f3ria de sucesso do pa\u00eds se torne v\u00edtima do pr\u00f3prio excesso.<\/p>\n","protected":false},"excerpt":{"rendered":"China domina a produ\u00e7\u00e3o mundial de energia solar, respons\u00e1vel por quase 90% das c\u00e9lulas solares do planeta. Mas&hellip;\n","protected":false},"author":2,"featured_media":59816,"comment_status":"","ping_status":"","sticky":false,"template":"","format":"standard","meta":{"footnotes":""},"categories":[83],"tags":[88,358,89,90,15845,2913,32,33],"class_list":{"0":"post-59815","1":"post","2":"type-post","3":"status-publish","4":"format-standard","5":"has-post-thumbnail","7":"category-empresas","8":"tag-business","9":"tag-china","10":"tag-economy","11":"tag-empresas","12":"tag-energia-solar","13":"tag-paineis-solares","14":"tag-portugal","15":"tag-pt"},"share_on_mastodon":{"url":"","error":""},"_links":{"self":[{"href":"https:\/\/www.europesays.com\/pt\/wp-json\/wp\/v2\/posts\/59815","targetHints":{"allow":["GET"]}}],"collection":[{"href":"https:\/\/www.europesays.com\/pt\/wp-json\/wp\/v2\/posts"}],"about":[{"href":"https:\/\/www.europesays.com\/pt\/wp-json\/wp\/v2\/types\/post"}],"author":[{"embeddable":true,"href":"https:\/\/www.europesays.com\/pt\/wp-json\/wp\/v2\/users\/2"}],"replies":[{"embeddable":true,"href":"https:\/\/www.europesays.com\/pt\/wp-json\/wp\/v2\/comments?post=59815"}],"version-history":[{"count":0,"href":"https:\/\/www.europesays.com\/pt\/wp-json\/wp\/v2\/posts\/59815\/revisions"}],"wp:featuredmedia":[{"embeddable":true,"href":"https:\/\/www.europesays.com\/pt\/wp-json\/wp\/v2\/media\/59816"}],"wp:attachment":[{"href":"https:\/\/www.europesays.com\/pt\/wp-json\/wp\/v2\/media?parent=59815"}],"wp:term":[{"taxonomy":"category","embeddable":true,"href":"https:\/\/www.europesays.com\/pt\/wp-json\/wp\/v2\/categories?post=59815"},{"taxonomy":"post_tag","embeddable":true,"href":"https:\/\/www.europesays.com\/pt\/wp-json\/wp\/v2\/tags?post=59815"}],"curies":[{"name":"wp","href":"https:\/\/api.w.org\/{rel}","templated":true}]}}