{"id":59854,"date":"2025-09-05T14:37:09","date_gmt":"2025-09-05T14:37:09","guid":{"rendered":"https:\/\/www.europesays.com\/pt\/59854\/"},"modified":"2025-09-05T14:37:09","modified_gmt":"2025-09-05T14:37:09","slug":"estudo-valida-dois-testes-sorologicos-elisa-para-diagnostico-de-covid-19-2","status":"publish","type":"post","link":"https:\/\/www.europesays.com\/pt\/59854\/","title":{"rendered":"Estudo valida dois testes sorol\u00f3gicos Elisa para diagn\u00f3stico de Covid-19"},"content":{"rendered":"<p>Um estudo desenvolveu e validou dois testes sorol\u00f3gicos do tipo Elisa para detec\u00e7\u00e3o de anticorpos IgG contra o Sars-CoV-2. A pesquisa recebeu destaque na capa da revista Covid-19. A pandemia ressaltou a necessidade urgente de ferramentas diagn\u00f3sticas acess\u00edveis, simples e confi\u00e1veis, especialmente em regi\u00f5es com recursos limitados, onde a implementa\u00e7\u00e3o em larga escala de testes moleculares \u00e9 desafiadora.<\/p>\n<p>Nesse sentido, foram desenvolvidos e validados dois testes Elisa utilizando as subunidades recombinantes S1 e S2 da prote\u00edna spike do Sars-CoV-2. As amostras foram coletadas entre mar\u00e7o e outubro de 2020, totalizando 691 soros, sendo 354 de indiv\u00edduos com Covid-19 confirmada por RT-qPCR e 337 de controles pr\u00e9-pand\u00eamicos. Tamb\u00e9m foi avaliada a reatividade cruzada com outras doen\u00e7as infecciosas, como dengue, HIV e doen\u00e7a de Chagas. Os testes foram comparados a tr\u00eas kits comerciais.<\/p>\n<p>O Elisa S1 apresentou sensibilidade de 52,8%, especificidade de 93,5% e AUC (curva ROC) de 71,6%, al\u00e9m de alguma reatividade cruzada com dengue e HIV. J\u00e1 o Elisa S2 obteve sensibilidade de 63,7%, especificidade de 99,7% e AUC de 83,1%, sem reatividade cruzada significativa.<\/p>\n<p>O ensaio baseado na subunidade S2 demonstrou melhor desempenho, com maior especificidade e sensibilidade, destacando-se como uma ferramenta robusta para diagn\u00f3stico e vigil\u00e2ncia. A sensibilidade aumentou com o tempo ap\u00f3s o in\u00edcio dos sintomas, atingindo o pico entre 15 e 21 dias.<\/p>\n<p>Os resultados indicam que o S2-Elisa \u00e9 simples, robusto, espec\u00edfico e eficaz para o diagn\u00f3stico sorol\u00f3gico da infec\u00e7\u00e3o por Sars-CoV-2, apresentando desempenho superior ou compar\u00e1vel ao de testes comerciais. Sua alta especificidade, sensibilidade adequada e aus\u00eancia de reatividade cruzada relevante o tornam especialmente indicado para diagn\u00f3stico retrospectivo (fase p\u00f3s-aguda); estudos de soropreval\u00eancia e uso em cen\u00e1rios com infraestrutura laboratorial limitada. A utiliza\u00e7\u00e3o de um \u00fanico ant\u00edgeno (S2) torna o ensaio mais econ\u00f4mico e de f\u00e1cil padroniza\u00e7\u00e3o.<\/p>\n<p>Os autores concluem que o estudo oferece uma solu\u00e7\u00e3o pr\u00e1tica para o enfrentamento da Covid-19 e representa um avan\u00e7o na capacidade diagn\u00f3stica em sa\u00fade p\u00fablica, refor\u00e7ando a import\u00e2ncia de desenvolver tecnologias nacionais acess\u00edveis e confi\u00e1veis. A pesquisa foi coordenada pelo pesquisador da Fiocruz Bahia Fred Luciano Neves Santos.<\/p>\n","protected":false},"excerpt":{"rendered":"Um estudo desenvolveu e validou dois testes sorol\u00f3gicos do tipo Elisa para detec\u00e7\u00e3o de anticorpos IgG contra o&hellip;\n","protected":false},"author":2,"featured_media":59855,"comment_status":"","ping_status":"","sticky":false,"template":"","format":"standard","meta":{"footnotes":""},"categories":[86],"tags":[2641,1128,16867,16865,116,32,33,117,16866],"class_list":{"0":"post-59854","1":"post","2":"type-post","3":"status-publish","4":"format-standard","5":"has-post-thumbnail","7":"category-saude","8":"tag-covid-19","9":"tag-diagnostico","10":"tag-diagnostico-da-covid-19","11":"tag-elisa","12":"tag-health","13":"tag-portugal","14":"tag-pt","15":"tag-saude","16":"tag-teste-sorologico"},"share_on_mastodon":{"url":"","error":""},"_links":{"self":[{"href":"https:\/\/www.europesays.com\/pt\/wp-json\/wp\/v2\/posts\/59854","targetHints":{"allow":["GET"]}}],"collection":[{"href":"https:\/\/www.europesays.com\/pt\/wp-json\/wp\/v2\/posts"}],"about":[{"href":"https:\/\/www.europesays.com\/pt\/wp-json\/wp\/v2\/types\/post"}],"author":[{"embeddable":true,"href":"https:\/\/www.europesays.com\/pt\/wp-json\/wp\/v2\/users\/2"}],"replies":[{"embeddable":true,"href":"https:\/\/www.europesays.com\/pt\/wp-json\/wp\/v2\/comments?post=59854"}],"version-history":[{"count":0,"href":"https:\/\/www.europesays.com\/pt\/wp-json\/wp\/v2\/posts\/59854\/revisions"}],"wp:featuredmedia":[{"embeddable":true,"href":"https:\/\/www.europesays.com\/pt\/wp-json\/wp\/v2\/media\/59855"}],"wp:attachment":[{"href":"https:\/\/www.europesays.com\/pt\/wp-json\/wp\/v2\/media?parent=59854"}],"wp:term":[{"taxonomy":"category","embeddable":true,"href":"https:\/\/www.europesays.com\/pt\/wp-json\/wp\/v2\/categories?post=59854"},{"taxonomy":"post_tag","embeddable":true,"href":"https:\/\/www.europesays.com\/pt\/wp-json\/wp\/v2\/tags?post=59854"}],"curies":[{"name":"wp","href":"https:\/\/api.w.org\/{rel}","templated":true}]}}