{"id":59881,"date":"2025-09-05T15:05:15","date_gmt":"2025-09-05T15:05:15","guid":{"rendered":"https:\/\/www.europesays.com\/pt\/59881\/"},"modified":"2025-09-05T15:05:15","modified_gmt":"2025-09-05T15:05:15","slug":"riomar-recife-dia-do-irmao-com-7-livros-para-celebrar-a-data","status":"publish","type":"post","link":"https:\/\/www.europesays.com\/pt\/59881\/","title":{"rendered":"RioMar Recife | Dia do Irm\u00e3o com 7 livros para celebrar a data"},"content":{"rendered":"<p><strong>Por Thays Martins <\/strong><br \/>Do RioMar Recife<\/p>\n<p>No dia 5 de setembro \u00e9 celebrado no Brasil o Dia do Irm\u00e3o! Uma data adicionada ao calend\u00e1rio brasileiro pela Igreja Cat\u00f3lica em 2007 para homenagear a Madre Teresa de Calcut\u00e1, que faleceu nesta data em 1997. A celebra\u00e7\u00e3o foi criada com o objetivo de incentivar os la\u00e7os de amizade e fam\u00edlia, tanto entre irm\u00e3os de sangue quanto entre amigos.<\/p>\n<p>Uma das formas de reconhecer e valorizar a import\u00e2ncia do irm\u00e3o, \u00e9 escolhendo um presente. Para escolher aquele mimo pro seu maninho ou maninha, o <strong>RioMar Recife<\/strong> trouxe 7 dicas de livros com enredos envolvendo irm\u00e3os. H\u00e1 barratvas para as crian\u00e7as como tamb\u00e9m livros com um drama envolvente de tirar o f\u00f4lego.<\/p>\n<p><strong>Dia do Irm\u00e3o com 7 dicas de livros envolvendo a fraternidade<\/strong><\/p>\n<p>As sugest\u00f5es de livros com irm\u00e3os em seu enredo est\u00e3o dispon\u00edveis na Livraria Leitura, no Piso L2 do RioMar Recife, e vamos trazer sinopses dos livros para voc\u00ea escolher o que o seu irm\u00e3o mais vai gostar.<\/p>\n<p>Entre os t\u00edtulos voc\u00ea encontra \u201cTorto Arado\u201d, livro de Itamar Vieira Junior que foi ganhador do Pr\u00eamio Jabuti em 2022, al\u00e9m de \u201cO Irm\u00e3o Alem\u00e3o\u201d de Chico Buarque que rendeu um reconhecimento na categoria Literatura Latino-Americana pela sua obra liter\u00e1ria completa, que inclui &#8220;O irm\u00e3o alem\u00e3o&#8221; como um dos t\u00edtulos publicados na Fran\u00e7a. Confira as indica\u00e7\u00f5es!<\/p>\n<p><strong>\u00bb Torto Arado &#8211; Itamar Vieira Junior R$ 132,90<\/strong><\/p>\n<p>&#13;<br \/>\n  <img decoding=\"async\" loading=\"lazy\" src=\"https:\/\/www.europesays.com\/pt\/wp-content\/uploads\/2025\/09\/1_torto_arado___itamar_vieira_junior-35512085.png\" alt=\"Livro &quot;Torto Arado&quot;, do autor Itamar Vieira Junior, em uma mesa com livros em estante ao fundo.\" title=\"Livro &quot;Torto Arado&quot;, do autor Itamar Vieira Junior, em uma mesa com livros em estante ao fundo.\"\/>&#13;<br \/>\n  Livro &#8220;Torto Arado&#8221;, do autor Itamar Vieira Junior, em uma mesa com livros em estante ao fundo. &#8211; <strong>Foto: Thays Martins\/RioMar Recife<\/strong>&#13;\n<\/p>\n<p>Obra liter\u00e1ria obrigat\u00f3ria para os vestibulares UEL 2025 e UFSC 2025. <br \/>Um texto \u00e9pico e l\u00edrico, realista e m\u00e1gico que revela, para al\u00e9m de sua trama, um poderoso elemento de insubordina\u00e7\u00e3o social.<\/p>\n<p>Nas profundezas do sert\u00e3o baiano, as irm\u00e3s Bibiana e Belon\u00edsia encontram uma velha e misteriosa faca na mala guardada sob a cama da av\u00f3. Ocorre ent\u00e3o um acidente. E para sempre suas vidas estar\u00e3o ligadas \u2014 a ponto de uma precisar ser a voz da outra. Numa trama conduzida com maestria e com uma prosa melodiosa, o romance conta uma hist\u00f3ria de vida e morte, de combate e reden\u00e7\u00e3o.<\/p>\n<p><strong>\u00bb A irm\u00e3 do Gildo &#8211; Silvana Rando R$ 59,90<\/strong><\/p>\n<p>&#13;<br \/>\n  <img decoding=\"async\" loading=\"lazy\" src=\"https:\/\/www.europesays.com\/pt\/wp-content\/uploads\/2025\/09\/1_a_irma_do_gildo-35512089.png\" alt=\"Livro &quot;A irm\u00e3 do Gildo&quot;, da autora Silvana Rando, em uma mesa.\" title=\"Livro &quot;A irm\u00e3 do Gildo&quot;, da autora Silvana Rando, em uma mesa.\"\/>&#13;<br \/>\n  Livro &#8220;A irm\u00e3 do Gildo&#8221;, da autora Silvana Rando, em uma mesa. &#8211; <strong>Foto: Thays Martins\/RioMar Recife<\/strong>&#13;\n<\/p>\n<p>Certo dia, no caf\u00e9 da manh\u00e3, Gildo olha a barriga da m\u00e3e e pensa: \u201cEla exagerou na comida!\u201d. Na verdade, havia ali um beb\u00ea que, de acordo com o elefante, demorou para chegar.<\/p>\n<p>At\u00e9 que finalmente Laurinha veio ao mundo, e com ela uma s\u00e9rie de mudan\u00e7as na vida de Gildo. Esperar e compreender a chegada de uma irm\u00e3 \u00e9 sempre um processo que envolve muitas emo\u00e7\u00f5es, que passam por dividir a aten\u00e7\u00e3o da m\u00e3e, os brinquedos, as risadas, os gostos e, mais do que tudo, o amor um pelo o outro.<\/p>\n<p>Esta \u00e9 uma hist\u00f3ria que faz parte da vida de tantas crian\u00e7as, contada por Silvana Rando com leveza e sensibilidade, e que tamb\u00e9m revela ainda mais os sentimentos de nosso querido Gildo.<\/p>\n<p><strong>\u00bb Aventuras de Mike 2: O beb\u00ea chegou! &#8211; Gabriel Dearo e Manu Digilio R$ 66,90<\/strong><\/p>\n<p>&#13;<br \/>\n  <img decoding=\"async\" loading=\"lazy\" src=\"https:\/\/www.europesays.com\/pt\/wp-content\/uploads\/2025\/09\/1_as_aventuras_de_mike_o_bebe_chegou___gabriel_dearo_e_manu_digiglio-35512053.png\" alt=\"Livro &quot;Aventuras de Mike 2: O beb\u00ea chegou!&quot; dos autores Gabriel Dearo e Manu Digilio em uma mesa com livros em estante ao fundo.\" title=\"Livro &quot;Aventuras de Mike 2: O beb\u00ea chegou!&quot; dos autores Gabriel Dearo e Manu Digilio em uma mesa com livros em estante ao fundo.\"\/>&#13;<br \/>\n  Livro &#8220;Aventuras de Mike 2: O beb\u00ea chegou!&#8221; dos autores Gabriel Dearo e Manu Digilio em uma mesa com livros em estante ao fundo. &#8211; <strong>Foto: Thays Martins\/RioMar Recife<\/strong>&#13;\n<\/p>\n<p>O que toda crian\u00e7a espera ganhar dos pais? Um videogame novo (\u00e9 \u00f3bvio).<\/p>\n<p>O que os pais esperam que uma crian\u00e7a queira? Um beb\u00ea chor\u00e3o&#8230; .<br \/>Ou melhor, um irm\u00e3ozinho.<br \/>No caso do Mike, MAIS UM irm\u00e3ozinho!!!<\/p>\n<p>Muita coisa muda com a not\u00edcia da chegada de um beb\u00ea na casa de Mike. Principalmente a barriga da sua m\u00e3e, que pode explodir a qualquer momento. Mas Mike, Nando e a Priminha Irritante est\u00e3o ansiosos para descobrir o que mais um beb\u00ea pode fazer (al\u00e9m de sujar a fralda a cada trinta minutos).<\/p>\n<p><strong>\u00bb O Irm\u00e3o Alem\u00e3o &#8211; Chico Buarque R$ 89,90 <\/strong><\/p>\n<p>&#13;<br \/>\n  <img decoding=\"async\" loading=\"lazy\" src=\"https:\/\/www.europesays.com\/pt\/wp-content\/uploads\/2025\/09\/1_o_irmao_alemao___chico_buarque-35512077.png\" alt=\"Livro &quot;O Irm\u00e3o Alem\u00e3o&quot;, do autor Chico Buarque, em uma mesa com livros em estante ao fundo.\" title=\"Livro &quot;O Irm\u00e3o Alem\u00e3o&quot;, do autor Chico Buarque, em uma mesa com livros em estante ao fundo.\"\/>&#13;<br \/>\n  Livro &#8220;O Irm\u00e3o Alem\u00e3o&#8221;, do autor Chico Buarque, em uma mesa com livros em estante ao fundo. &#8211; <strong>Foto: Thays Martins\/RioMar Recife<\/strong>&#13;\n<\/p>\n<p>A partir da mem\u00f3ria e da hist\u00f3ria familiar, Chico Buarque constr\u00f3i romance sobre a busca obsessiva do autor\/narrador por um irm\u00e3o desconhecido, misturando as fronteiras entre fic\u00e7\u00e3o e realidade.<\/p>\n<p>Na S\u00e3o Paulo dos anos 1960, o adolescente Francisco de Hollander, ou Ciccio, encontra uma carta em alem\u00e3o dentro de um volume na vasta biblioteca paterna, a segunda maior da cidade. Em meio a porres, roubos recreativos de carros e jornadas nem sempre l\u00edcitas a livros empoeirados, surgem pistas que detonam uma miss\u00e3o de vida inteira.<\/p>\n<p>Ao tentar tra\u00e7ar o destino de seu irm\u00e3o alem\u00e3o, parece tamb\u00e9m estar em jogo para o narrador ganhar o respeito do pai, que, apesar dos arroubos intelectuais de Ciccio, tem mais afinidade com Domingos, ou Mimmo, seu outro filho, galanteador contumaz, leitor da Playboy e da Luluzinha, e sempre a par das novas sobre Brigitte Bardot.<\/p>\n<p>A despeito das tentativas de media\u00e7\u00e3o da m\u00e3e, Assunta &#8211; italiana doce e en\u00e9rgica, justa e com todos compreensiva -, a rela\u00e7\u00e3o dos irm\u00e3os \u00e9 quase feita s\u00f3 de sil\u00eancio, competi\u00e7\u00e3o e ressentimento.<\/p>\n<p>Num decurso temporal que chega \u00e0 Berlim dos dias presentes, e que tem no horror da ditadura militar brasileira e nos ecos do Holocausto seus centros de for\u00e7a, O irm\u00e3o alem\u00e3o conduz o leitor por caminhos vertiginosos atrav\u00e9s dessa busca pela verdade e pelos afetos.<\/p>\n<p>\u00bb Irm\u00e3os Karamazov &#8211; Fi\u00f3dor Dostoi\u00e9vski R$ 139,90<\/p>\n<p>&#13;<br \/>\n  <img decoding=\"async\" loading=\"lazy\" src=\"https:\/\/www.europesays.com\/pt\/wp-content\/uploads\/2025\/09\/1_os_irmaos_karamazov-35512081.png\" alt=\"Livro &quot;Irm\u00e3os Karamazov&quot;, do autor Fi\u00f3dor Dostoi\u00e9vski, em uma mesa com livros em estante ao fundo.\" title=\"Livro &quot;Irm\u00e3os Karamazov&quot;, do autor Fi\u00f3dor Dostoi\u00e9vski, em uma mesa com livros em estante ao fundo.\"\/>&#13;<br \/>\n  Livro &#8220;Irm\u00e3os Karamazov&#8221;, do autor Fi\u00f3dor Dostoi\u00e9vski, em uma mesa com livros em estante ao fundo. &#8211; <strong>Foto: Thays Martins\/RioMar Recife<\/strong>&#13;\n<\/p>\n<p>&#8220;Os irm\u00e3os Karam\u00e1zov&#8221; \u00e9 o \u00faltimo romance de Dostoi\u00e9vski. No fundo, ele resume toda a criatividade do escritor, trazendo \u00e0 baila as &#8220;malditas&#8221; quest\u00f5es existenciais que o afligiram a vida inteira, com especial relevo para a flagrante degrada\u00e7\u00e3o moral da humanidade afastada dos ideais crist\u00e3os.<\/p>\n<p>Cheia de perip\u00e9cias, a narrativa p\u00f5e em foco tr\u00eas protagonistas irm\u00e3os, representantes dos mais diversos aspectos da realidade russa \u2013 o libertino Dm\u00edtri, o niilista Ivan e o sublime Aliocha \u2013, a fim de alumiar as profundezas insond\u00e1veis do cora\u00e7\u00e3o entregue ao pecado, corrompido por d\u00favidas ou transbordante de amor.<\/p>\n<p><strong>\u00bb Irm\u00e3s Blue &#8211; Coco Mellors R$ 69,90<\/strong><\/p>\n<p>&#13;<br \/>\n  <img decoding=\"async\" loading=\"lazy\" src=\"https:\/\/www.europesays.com\/pt\/wp-content\/uploads\/2025\/09\/1_as_irmas_blue___coco_mellors-35512069.png\" alt=\"Livro &quot;Irm\u00e3s Blue!, da autora Coco Mellors, em uma mesa.\" title=\"Livro &quot;Irm\u00e3s Blue!, da autora Coco Mellors, em uma mesa.\"\/>&#13;<br \/>\n  Livro &#8220;Irm\u00e3s Blue!, da autora Coco Mellors, em uma mesa. &#8211; <strong>Foto: Thays Martins\/RioMar Recife<\/strong>&#13;\n<\/p>\n<p>Quatro irm\u00e3s. Agora, tr\u00eas&#8230; Precisam lidar com a perda e as mem\u00f3rias deixadas pela irm\u00e3 e retornar para a casa de sua fam\u00edlia em Nova York nesta hist\u00f3ria inesquec\u00edvel de luto, identidade e complexidades familiares.<\/p>\n<p>As tr\u00eas irm\u00e3s Blue s\u00e3o excepcionais e excepcionalmente diferentes. Avery, a mais velha, uma viciada em recupera\u00e7\u00e3o, \u00e9 uma advogada conservadora e mora com a esposa em Londres. Bonnie, uma ex-boxeadora, trabalha como seguran\u00e7a em Los Angeles ap\u00f3s uma derrota devastadora. Lucky, a mais nova, \u00e9 modelo em Paris, enquanto tenta superar seu jeito festeiro. Por fim, Nicky, cuja morte inesperada deixou Avery, Bonnie e Lucky arrasadas, era, definitivamente, o elo que juntava essa complexa fam\u00edlia.<\/p>\n<p>Um ano depois, enquanto cada uma enfrenta a dor da perda, o v\u00edcio e a ambi\u00e7\u00e3o, as irm\u00e3s voltam a Nova York para impedir a venda do apartamento onde foram criadas. Contudo, voltar para casa nunca \u00e9 t\u00e3o f\u00e1cil quanto parece. \u00c0 medida que as irm\u00e3s enfrentam as decep\u00e7\u00f5es de sua inf\u00e2ncia e a perda da \u00fanica pessoa que as mantinha unidas, elas percebem que os maiores segredos que guardavam talvez n\u00e3o fossem uma da outra, mas sim delas mesmas.<\/p>\n<p>Constru\u00eddo com a combina\u00e7\u00e3o exclusiva de humor e emo\u00e7\u00e3o de Coco Mellors, As Irm\u00e3s Blue retrata o que \u00e9 preciso para continuar vivendo depois de uma perda e, por fim, para se apaixonar pela vida novamente.<\/p>\n<p><strong>\u00bb Aprendendo a fingir &#8211; Selina Mae R$ 59,90<\/strong><\/p>\n<p>&#13;<br \/>\n  <img decoding=\"async\" loading=\"lazy\" src=\"https:\/\/www.europesays.com\/pt\/wp-content\/uploads\/2025\/09\/1_aprendendo_a_fingir___selina_mae-35512039.png\" alt=\"Livro &quot;Aprendendo a fingir&quot;, da autora Selina Mae, em uma mesa com livros em estante ao fundo.\" title=\"Livro &quot;Aprendendo a fingir&quot;, da autora Selina Mae, em uma mesa com livros em estante ao fundo.\"\/>&#13;<br \/>\n  Livro &#8220;Aprendendo a fingir&#8221;, da autora Selina Mae, em uma mesa com livros em estante ao fundo. &#8211; <strong>Foto: Thays Martins\/RioMar Recife<\/strong>&#13;\n<\/p>\n<p>O maior desejo de Athalia \u00e9 conquistar o afeto do irm\u00e3o g\u00eameo, Henry. Depois da morte de seus pais, Henry se tornou cada vez mais distante e ela j\u00e1 acreditava que seria imposs\u00edvel se reconectar com ele.<\/p>\n<p>At\u00e9 ser obrigada a ter aulas de monitoria com ningu\u00e9m menos que Dylan McCarthy, o garoto de ouro do campus \u2013 e arqui-inimigo do irm\u00e3o. Athalia tamb\u00e9m n\u00e3o \u00e9 uma grande f\u00e3 de Dylan, com seus coment\u00e1rios afiados e a pose de sabich\u00e3o. Nem mesmo o cabelo sedoso, o olhar sonhador e o corpo sarado de jogador de futebol universit\u00e1rio ajudam.<\/p>\n<p>O ponto positivo \u00e9 que Henry enfim lhe d\u00e1 toda a aten\u00e7\u00e3o que ela quer. O contra \u00e9 que essa aten\u00e7\u00e3o parece estar diretamente ligada a Dylan, pois Henry faz quest\u00e3o de estar presente para defender a irm\u00e3zinha de seu maior rival.<\/p>\n<p>Athalia ent\u00e3o prop\u00f5e um acordo a Dylan: os dois v\u00e3o fingir que est\u00e3o juntos, com direito a contrato assinado e tudo. Assim Henry continuar\u00e1 por perto e ela vai poder estreitar os la\u00e7os com ele.<br \/>Quanto mais o \u201ccasal\u201d encena, por\u00e9m, mais a linha entre a verdade e a mentira desaparece. E, entre risadas for\u00e7adas e encontros fingidos, \u00e9 quase imposs\u00edvel acreditar que essa paix\u00e3o n\u00e3o \u00e9 para valer.<\/p>\n<p>*Pre\u00e7os e estoque s\u00e3o de responsabilidade da Livraria Leitura.<\/p>\n<p>\u00a0<\/p>\n","protected":false},"excerpt":{"rendered":"Por Thays Martins Do RioMar Recife No dia 5 de setembro \u00e9 celebrado no Brasil o Dia do&hellip;\n","protected":false},"author":2,"featured_media":59882,"comment_status":"","ping_status":"","sticky":false,"template":"","format":"standard","meta":{"footnotes":""},"categories":[143],"tags":[169,3969,315,114,115,870,754,294,170,16869,1079,7227,32,33,16870,16868,10685],"class_list":{"0":"post-59881","1":"post","2":"type-post","3":"status-publish","4":"format-standard","5":"has-post-thumbnail","7":"category-livros","8":"tag-books","9":"tag-compras","10":"tag-cultura","11":"tag-entertainment","12":"tag-entretenimento","13":"tag-eventos","14":"tag-gastronomia","15":"tag-lazer","16":"tag-livros","17":"tag-mall","18":"tag-moda","19":"tag-pernambuco","20":"tag-portugal","21":"tag-pt","22":"tag-recife","23":"tag-riomar-recife","24":"tag-shopping"},"share_on_mastodon":{"url":"","error":""},"_links":{"self":[{"href":"https:\/\/www.europesays.com\/pt\/wp-json\/wp\/v2\/posts\/59881","targetHints":{"allow":["GET"]}}],"collection":[{"href":"https:\/\/www.europesays.com\/pt\/wp-json\/wp\/v2\/posts"}],"about":[{"href":"https:\/\/www.europesays.com\/pt\/wp-json\/wp\/v2\/types\/post"}],"author":[{"embeddable":true,"href":"https:\/\/www.europesays.com\/pt\/wp-json\/wp\/v2\/users\/2"}],"replies":[{"embeddable":true,"href":"https:\/\/www.europesays.com\/pt\/wp-json\/wp\/v2\/comments?post=59881"}],"version-history":[{"count":0,"href":"https:\/\/www.europesays.com\/pt\/wp-json\/wp\/v2\/posts\/59881\/revisions"}],"wp:featuredmedia":[{"embeddable":true,"href":"https:\/\/www.europesays.com\/pt\/wp-json\/wp\/v2\/media\/59882"}],"wp:attachment":[{"href":"https:\/\/www.europesays.com\/pt\/wp-json\/wp\/v2\/media?parent=59881"}],"wp:term":[{"taxonomy":"category","embeddable":true,"href":"https:\/\/www.europesays.com\/pt\/wp-json\/wp\/v2\/categories?post=59881"},{"taxonomy":"post_tag","embeddable":true,"href":"https:\/\/www.europesays.com\/pt\/wp-json\/wp\/v2\/tags?post=59881"}],"curies":[{"name":"wp","href":"https:\/\/api.w.org\/{rel}","templated":true}]}}