{"id":59887,"date":"2025-09-05T15:09:08","date_gmt":"2025-09-05T15:09:08","guid":{"rendered":"https:\/\/www.europesays.com\/pt\/59887\/"},"modified":"2025-09-05T15:09:08","modified_gmt":"2025-09-05T15:09:08","slug":"sporting-confirma-chegada-de-jovem-promessa-para-os-escaloes-de-formacao","status":"publish","type":"post","link":"https:\/\/www.europesays.com\/pt\/59887\/","title":{"rendered":"Sporting confirma chegada de jovem promessa para os escal\u00f5es de forma\u00e7\u00e3o"},"content":{"rendered":"<p><strong>Afonso Marques foi confirmado como refor\u00e7o do Sporting. O jovem tem somente 15 anos e representava a Acad\u00e9mica.<\/strong><\/p>\n<p>Afonso Marques foi confirmado como o mais recente refor\u00e7o das camadas de forma\u00e7\u00e3o do Sporting. O jogador tem apenas 15 anos, mas vai ser integrado no escal\u00e3o Sub-17. O avan\u00e7ado chega proveniente da Acad\u00e9mica, mas soma passagens pelo <a href=\"https:\/\/bolanarede.pt\/etiqueta\/fc-porto\/\" target=\"_blank\" rel=\"noreferrer noopener nofollow\">FC Porto<\/a> e pela AD Pedro Roma.<\/p>\n<p>O jogador na \u00faltima temporada fez 36 encontros, com 13 golos marcados, atuando como extremo. Afonso Marques falou com a sua nova camisola e mostrou-se entusiasmado com o desafio:<\/p>\n<p>\u00ab\u00c9 um sonho realizado. \u00c9 um orgulho enorme. \u00c9 um clube que sempre desejei representar e \u00e9 com enorme entusiasmo que estou aqui. Posso jogar a extremo, m\u00e9dio ou avan\u00e7ado. Sou polivalente. Gosto da parte t\u00e1tica do jogo, da forma como pressionamos. Tenho boa vis\u00e3o de jogo e tamb\u00e9m finalizo bem. O meu objetivo individual \u00e9 progredir no clube, chegar at\u00e9 \u00e0 equipa principal e estrear-me\u00bb.<\/p>\n","protected":false},"excerpt":{"rendered":"Afonso Marques foi confirmado como refor\u00e7o do Sporting. O jovem tem somente 15 anos e representava a Acad\u00e9mica.&hellip;\n","protected":false},"author":2,"featured_media":59888,"comment_status":"","ping_status":"","sticky":false,"template":"","format":"standard","meta":{"footnotes":""},"categories":[87],"tags":[16880,260,135,32,479,33,34,134],"class_list":{"0":"post-59887","1":"post","2":"type-post","3":"status-publish","4":"format-standard","5":"has-post-thumbnail","7":"category-desporto","8":"tag-afonso-marques","9":"tag-atualidade","10":"tag-desporto","11":"tag-portugal","12":"tag-primeira-liga","13":"tag-pt","14":"tag-sporting","15":"tag-sports"},"share_on_mastodon":{"url":"","error":""},"_links":{"self":[{"href":"https:\/\/www.europesays.com\/pt\/wp-json\/wp\/v2\/posts\/59887","targetHints":{"allow":["GET"]}}],"collection":[{"href":"https:\/\/www.europesays.com\/pt\/wp-json\/wp\/v2\/posts"}],"about":[{"href":"https:\/\/www.europesays.com\/pt\/wp-json\/wp\/v2\/types\/post"}],"author":[{"embeddable":true,"href":"https:\/\/www.europesays.com\/pt\/wp-json\/wp\/v2\/users\/2"}],"replies":[{"embeddable":true,"href":"https:\/\/www.europesays.com\/pt\/wp-json\/wp\/v2\/comments?post=59887"}],"version-history":[{"count":0,"href":"https:\/\/www.europesays.com\/pt\/wp-json\/wp\/v2\/posts\/59887\/revisions"}],"wp:featuredmedia":[{"embeddable":true,"href":"https:\/\/www.europesays.com\/pt\/wp-json\/wp\/v2\/media\/59888"}],"wp:attachment":[{"href":"https:\/\/www.europesays.com\/pt\/wp-json\/wp\/v2\/media?parent=59887"}],"wp:term":[{"taxonomy":"category","embeddable":true,"href":"https:\/\/www.europesays.com\/pt\/wp-json\/wp\/v2\/categories?post=59887"},{"taxonomy":"post_tag","embeddable":true,"href":"https:\/\/www.europesays.com\/pt\/wp-json\/wp\/v2\/tags?post=59887"}],"curies":[{"name":"wp","href":"https:\/\/api.w.org\/{rel}","templated":true}]}}