{"id":59903,"date":"2025-09-05T15:20:14","date_gmt":"2025-09-05T15:20:14","guid":{"rendered":"https:\/\/www.europesays.com\/pt\/59903\/"},"modified":"2025-09-05T15:20:14","modified_gmt":"2025-09-05T15:20:14","slug":"celina-comete-injustica-com-heleninha-entenda","status":"publish","type":"post","link":"https:\/\/www.europesays.com\/pt\/59903\/","title":{"rendered":"Celina comete injusti\u00e7a com Heleninha; entenda"},"content":{"rendered":"<p>Nos pr\u00f3ximos cap\u00edtulos de Vale Tudo, Maria de F\u00e1tima (Bella Campos) vai provocar uma briga feia entre Heleninha (Paolla Oliveira) e Celina (Malu Galli). Para se vingar das humilha\u00e7\u00f5es sofridas pela dondoca, a ambiciosa paga Marina (Fernanda Botelho) para dopar a artista pl\u00e1stica. Alterada,\u00a0ela arma um esc\u00e2ndalo na mans\u00e3o, tirando a tia do s\u00e9rio.<\/p>\n<p>continua depois da publicidade<\/p>\n<p>Expulsa da casa, <a href=\"https:\/\/natelinha.uol.com.br\/novelas\/2025\/08\/30\/vale-tudo-maria-de-fatima-transforma-o-casamento-de-odete-roitman-em-caso-de-policia-230584.php\" rel=\"nofollow noopener\" target=\"_blank\">de todos que tripudiaram em cima da falsiane<\/a>, a irm\u00e3 de Odete Roitman (Debora Bloch) foi a pior na vis\u00e3o da filha de Raquel (Ta\u00eds Araujo), despertando nela uma sede de vingan\u00e7a.<\/p>\n<p><a href=\"https:\/\/natelinha.uol.com.br\/novelas\/vale-tudo\/personagem\/maria-de-fatima\" rel=\"nofollow noopener\" target=\"_blank\">Maria de F\u00e1tima<\/a>, ent\u00e3o, n\u00e3o vai sossegar enquanto n\u00e3o acabar com a vi\u00fava. Mesmo que para isso ela tenha que tocar no ponto mais fracos de <a href=\"https:\/\/natelinha.uol.com.br\/novelas\/vale-tudo\/personagem\/celina\" rel=\"nofollow noopener\" target=\"_blank\">Celina<\/a> que \u00e9 a <a href=\"https:\/\/natelinha.uol.com.br\/novelas\/vale-tudo\/personagem\/heleninha\" rel=\"nofollow noopener\" target=\"_blank\">Heleninha<\/a>, a quem trata como filha.<\/p>\n<p>At\u00e9 ent\u00e3o, <a href=\"https:\/\/natelinha.uol.com.br\/novelas\/2025\/08\/15\/vale-tudo-heleninha-cumpre-promessa-procura-o-aa-e-da-depoimento-229923.php\" rel=\"nofollow noopener\" target=\"_blank\">a irm\u00e3 de Afonso<\/a> (Humberto Carr\u00e3o) tem conseguido resistir ao v\u00edcio em \u00e1lcool. S\u00f3 que a vil\u00e3 vai pagar a empregada da casa para dopar a artista pl\u00e1stica. Ao v\u00ea-la completamente grogue no sof\u00e1, a solteirona acusa a sobrinha de estar tomando rem\u00e9dio escondido e arma o maior barraco. Saiba mais!<\/p>\n<p>continua depois da publicidade<\/p>\n<p>Em Vale Tudo, Celina encontra Heleninha dopada e solta os cachorros<\/p>\n<p><img decoding=\"async\" loading=\"lazy\" class=\"horizontal\" src=\"https:\/\/www.europesays.com\/pt\/wp-content\/uploads\/2025\/09\/tv-globo-vale-tudo-heleninha-leva-bronca-de-celina_2253.jpeg\" width=\"1280\" height=\"719\" alt=\"Vale Tudo: Celina comete injusti\u00e7a com Heleninha; entenda\"\/><\/p>\n<p>Nos pr\u00f3ximos cap\u00edtulos de Vale Tudo, Maria de F\u00e1tima vai usar Heleninha para atingir Celina. Rancorosa, a ex-mulher de Afonso n\u00e3o esquece a humilha\u00e7\u00e3o qie sofreu da vi\u00fava quando saiu da mans\u00e3o dos Roitman escorra\u00e7ada.<\/p>\n<p>A herdeira da TCA vem se mantendo s\u00f3bria desde que Tiago (Pedro Waddington) deu um choque de realidade na m\u00e3e. Na ocasi\u00e3o, o rapaz bebeu, arrumou confus\u00e3o na rua com um grupo de pitboys e acabou machucado, no hospital.<\/p>\n<p>Desde ent\u00e3o, Heleninha prometeu ao filho que ia controlar o v\u00edcio no \u00e1lcool e seguir o tratamento direitinho. Assim, al\u00e9m da terapia, a irm\u00e3 de Afonso vem frequentando as reuni\u00f5es do AA e voltou a de dedicar a arte.<\/p>\n<p>continua depois da publicidade<\/p>\n<p><a href=\"https:\/\/natelinha.uol.com.br\/novelas\/2025\/09\/03\/vale-tudo-odete-roitman-opina-sobre-a-vida-sexual-de-celina-ta-com-a-pele-otima-230689.php\" rel=\"nofollow noopener\" target=\"_blank\">+\u00a0Vale Tudo: Odete Roitman opina sobre a vida sexual de Celina: &#8220;T\u00e1 com a pele \u00f3tima&#8221;<\/a><\/p>\n<p>De conchavo com Marina, a filha de Raquel paga a empregada da casa para dopar a artista pl\u00e1stica. A interesseira, ent\u00e3o, serve um ch\u00e1 batizado para a filha de Odete Roitman.<\/p>\n<p>Heleninha estar\u00e1 concentrada em seu ateli\u00ea, pintando um quadro novo, e n\u00e3o desconfia de nada quando a funcion\u00e1ria aparece com a x\u00edcara. Minutos depois de tomar a bebida, a artista pl\u00e1stica sente os efeitos da droga.<\/p>\n<p>Confusa e sonolenta, a filha de Odete Roitman fica t\u00e3o dopada que n\u00e3o consegue se manter de p\u00e9. Ao ver a cena, Celina perde a cabe\u00e7a e acusa a sobrinha de estar se drogando \u00e0s escondidas.<\/p>\n<p>continua depois da publicidade<\/p>\n<p>Heleninha tenta se explicar, jura de p\u00e9 junto que n\u00e3o tomou nenhum medicamento, mas a dondoca n\u00e3o lhe dar\u00e1 ouvidos. Decepcionada, a irm\u00e3 de Odete Roitman chega a questionar os efeitos do tratamento que a artista pl\u00e1stica vem seguindo.<\/p>\n<p><a href=\"https:\/\/natelinha.uol.com.br\/novelas\/2025\/09\/03\/vale-tudo-maria-de-fatima-arma-flagra-de-esteban-em-celina-230690.php\" rel=\"nofollow noopener\" target=\"_blank\">+\u00a0Vale Tudo: Maria de F\u00e1tima arma flagra de Est\u00e9ban em Celina<\/a><\/p>\n<p>A desestabilidade da ex-cunhada faz parte de um plano de Maria de F\u00e1tima para acabar com a felicidade de Celina. A falsiane \u00e9 quem joga Olavo (Ricardo Teodoro) nos bra\u00e7os da vi\u00fava.<\/p>\n<p>Seguindo os passos de C\u00e9sar (Cau\u00e3 Reymond), o fot\u00f3grafo vai se envolver com a irm\u00e3 da dona da TCA e arrandar uma boa grana da milion\u00e1ria. Por isso, quando Est\u00e9ban (Caco Ciocler) volta ao Brasil e procura pela ex-namorada, a vil\u00e3 d\u00e1 um jeito do marchant acreditar que a tia de Heleninha est\u00e1 com outro.<\/p>\n<p>continua depois da publicidade<\/p>\n<p>A cena est\u00e1 prevista para ir ao ar no cap\u00edtulo do dia 15 de setembro.<\/p>\n<p><strong>Confira os resumos da semana das outras novelas:\u00a0<\/strong><\/p>\n<p>O\u00a0<strong>NaTelinha<\/strong>\u00a0divulga todos os dias os\u00a0<a href=\"https:\/\/natelinha.uol.com.br\/novelas\" rel=\"nofollow noopener\" target=\"_blank\"><strong>resumos dos cap\u00edtulos<\/strong><\/a>, detalhes dos personagens, entrevistas exclusivas com o elenco e spoiler da novela Vale Tudo.\u00a0\u00a0<\/p>\n<p><strong>Assista \u00e0 abertura do remake de Vale Tudo:\u00a0 \u00a0<\/strong><\/p>\n<p>                                <img decoding=\"async\" loading=\"lazy\" class=\"horizontal\" alt=\"Imagem da thumbnail do v\u00eddeo\" src=\"https:\/\/www.europesays.com\/pt\/wp-content\/uploads\/2025\/07\/1753885272_70_hqdefault.jpg\"\/><\/p>\n","protected":false},"excerpt":{"rendered":"Nos pr\u00f3ximos cap\u00edtulos de Vale Tudo, Maria de F\u00e1tima (Bella Campos) vai provocar uma briga feia entre Heleninha&hellip;\n","protected":false},"author":2,"featured_media":59904,"comment_status":"","ping_status":"","sticky":false,"template":"","format":"standard","meta":{"footnotes":""},"categories":[142],"tags":[9764,114,115,4010,6661,32,33,151,2154],"class_list":{"0":"post-59903","1":"post","2":"type-post","3":"status-publish","4":"format-standard","5":"has-post-thumbnail","7":"category-tv","8":"tag-celina-vale-tudo","9":"tag-entertainment","10":"tag-entretenimento","11":"tag-heleninha-vale-tudo","12":"tag-maria-de-fatima-vale-tudo","13":"tag-portugal","14":"tag-pt","15":"tag-tv","16":"tag-vale-tudo"},"share_on_mastodon":{"url":"","error":""},"_links":{"self":[{"href":"https:\/\/www.europesays.com\/pt\/wp-json\/wp\/v2\/posts\/59903","targetHints":{"allow":["GET"]}}],"collection":[{"href":"https:\/\/www.europesays.com\/pt\/wp-json\/wp\/v2\/posts"}],"about":[{"href":"https:\/\/www.europesays.com\/pt\/wp-json\/wp\/v2\/types\/post"}],"author":[{"embeddable":true,"href":"https:\/\/www.europesays.com\/pt\/wp-json\/wp\/v2\/users\/2"}],"replies":[{"embeddable":true,"href":"https:\/\/www.europesays.com\/pt\/wp-json\/wp\/v2\/comments?post=59903"}],"version-history":[{"count":0,"href":"https:\/\/www.europesays.com\/pt\/wp-json\/wp\/v2\/posts\/59903\/revisions"}],"wp:featuredmedia":[{"embeddable":true,"href":"https:\/\/www.europesays.com\/pt\/wp-json\/wp\/v2\/media\/59904"}],"wp:attachment":[{"href":"https:\/\/www.europesays.com\/pt\/wp-json\/wp\/v2\/media?parent=59903"}],"wp:term":[{"taxonomy":"category","embeddable":true,"href":"https:\/\/www.europesays.com\/pt\/wp-json\/wp\/v2\/categories?post=59903"},{"taxonomy":"post_tag","embeddable":true,"href":"https:\/\/www.europesays.com\/pt\/wp-json\/wp\/v2\/tags?post=59903"}],"curies":[{"name":"wp","href":"https:\/\/api.w.org\/{rel}","templated":true}]}}