{"id":59915,"date":"2025-09-05T15:28:10","date_gmt":"2025-09-05T15:28:10","guid":{"rendered":"https:\/\/www.europesays.com\/pt\/59915\/"},"modified":"2025-09-05T15:28:10","modified_gmt":"2025-09-05T15:28:10","slug":"general-russo-acusado-de-crimes-de-guerra-na-ucrania-informa-putin-do-alem-tumulo","status":"publish","type":"post","link":"https:\/\/www.europesays.com\/pt\/59915\/","title":{"rendered":"General russo acusado de crimes de guerra na Ucr\u00e2nia &#8216;informa&#8217; Putin do &#8216;al\u00e9m-t\u00famulo&#8217;"},"content":{"rendered":"<p>  <a href=\"https:\/\/www.euromaster.pt\/\" target=\"_blank\" rel=\"noopener noreferrer nofollow\">&#13;<br \/>\n    <img decoding=\"async\" src=\"https:\/\/www.europesays.com\/pt\/wp-content\/uploads\/2025\/09\/1756989608_778_Automonitor_900x150-1.jpg\" alt=\"Euromaster\" style=\"max-width: 900px; width: 100%; height: auto; display: block; margin: 0 auto;\"\/>&#13;<br \/>\n  <\/a><\/p>\n<p>Durante uma visita a Vladivostok, na R\u00fassia, Vladimir Putin foi conduzido a uma \u201czona interativa\u201d dedicada \u00e0 155\u00aa Brigada de Infantaria Naval, durante a qual assistiu a um v\u00eddeo narrado pelo major-general Mikhail Gudkov, que anteriormente comandou a brigada.<\/p>\n<p>Os anfitri\u00f5es disseram a Putin que ningu\u00e9m melhor para contar a hist\u00f3ria da unidade do que o homem que Putin nomeou, num espa\u00e7o de homenagem ao seu antigo comandante. <\/p>\n<blockquote class=\"twitter-tweet\">\n<p lang=\"en\" dir=\"ltr\">\u2757\ufe0f\ud83c\uddf7\ud83c\uddfa\u2694\ufe0f\ud83c\uddfa\ud83c\udde6 \u2013 President Putin arrived in Vladivostok, where he was shown an &#8220;interactive zone&#8221; dedicated to the 155th Marine Brigade.<\/p>\n<p>Earlier, Putin had conferred the title of Major General Mikhail Gudkov on the brigade. Gudkov was killed in early July during a Ukrainian Armed\u2026 <a href=\"https:\/\/t.co\/nT72u8ri2n\" rel=\"nofollow\">pic.twitter.com\/nT72u8ri2n<\/a><\/p>\n<p>\u2014 \ud83d\udd25\ud83d\udddeThe Informant (@theinformant_x) <a href=\"https:\/\/twitter.com\/theinformant_x\/status\/1963502944562909587?ref_src=twsrc%5Etfw\" rel=\"nofollow noopener\" target=\"_blank\">September 4, 2025<\/a><\/p>\n<\/blockquote>\n<p>No entanto, salientou o \u2018Kyiv Post\u2019, Gudkov foi promovido pessoalmente por Putin ao cargo de vice-comandante-em-chefe da Marinha russa. Uma vez no cargo, foi morto durante um ataque com m\u00edsseis ucranianos a 2 de julho \u00faltimo, que se acredita ter sido conduzido com um sistema HIMARS fornecido pelos EUA, no posto de comando da 155\u00aa Brigada em Korenovo, na regi\u00e3o de Kursk.<\/p>\n<p>O ataque tamb\u00e9m matou v\u00e1rios outros oficiais militares russos de alta patente, incluindo o sucessor de Gudkov como comandante da brigada, o coronel Sergei Ilyin, e seu \u2018vice\u2019, o coronel Leonid Bashkardin.<\/p>\n<p>As autoridades ucranianas acusaram tropas da 155\u00aa Brigada de envolvimento em crimes de guerra, incluindo tortura, viola\u00e7\u00f5es e assassinatos de civis durante a curta ocupa\u00e7\u00e3o em 2022 das cidades de Bucha, Irpin e Hostomel, na regi\u00e3o de Kiev, juntamente com relatos de que, durante opera\u00e7\u00f5es no leste da Ucr\u00e2nia, os soldados de Gudkov publicaram v\u00eddeos nas redes sociais a decapitar v\u00e1rios militares ucranianos capturados.<\/p>\n<p>Por esta e outras opera\u00e7\u00f5es da sua brigada dentro da \u201copera\u00e7\u00e3o militar especial\u201d da R\u00fassia, Gudkov recebeu a Medalha de Her\u00f3i da Federa\u00e7\u00e3o Russa de Putin, tendo sido anteriormente presenteado com a medalha \u201cEstrela de Ouro\u201d junto com uma infinidade de pr\u00e9mios pelas suas demonstra\u00e7\u00f5es de \u201ccoragem e valor militar\u201d.<\/p>\n<p>De acordo com v\u00e1rios relatos, a 155\u00aa Brigada, juntamente com v\u00e1rias outras grandes unidades russas \u2013 as 336\u00aa, 40\u00aa, 61\u00aa, 155\u00aa brigadas, o 177\u00ba regimento, a 39\u00aa brigada, partes da 70\u00aa divis\u00e3o \u2013 est\u00e3o a formar-se para conduzir uma nova ofensiva focada em Pokrovsk, Konstantinovka e Druzhkovka, na regi\u00e3o de Donetsk, na Ucr\u00e2nia.<\/p>\n<p>As redes sociais ucranianas retrataram o esfor\u00e7o como mais uma tentativa desesperada do Kremlin de alcan\u00e7ar um \u201ctriunfo de propaganda\u201d conquistado \u00e0 custa de milhares de vidas em novos \u201cataques de carne\u201d. <\/p>\n<p> \t\t\t\t\t\t\t\t\t<script async src=\"https:\/\/platform.twitter.com\/widgets.js\" charset=\"utf-8\"><\/script><\/p>\n","protected":false},"excerpt":{"rendered":"&#13; &#13; Durante uma visita a Vladivostok, na R\u00fassia, Vladimir Putin foi conduzido a uma \u201czona interativa\u201d dedicada&hellip;\n","protected":false},"author":2,"featured_media":61,"comment_status":"","ping_status":"","sticky":false,"template":"","format":"standard","meta":{"footnotes":""},"categories":[50],"tags":[27,28,15,16,14,25,26,21,22,62,12,13,19,20,23,24,17,18,29,30,31,63,64,65],"class_list":{"0":"post-59915","1":"post","2":"type-post","3":"status-publish","4":"format-standard","5":"has-post-thumbnail","7":"category-mundo","8":"tag-breaking-news","9":"tag-breakingnews","10":"tag-featured-news","11":"tag-featurednews","12":"tag-headlines","13":"tag-latest-news","14":"tag-latestnews","15":"tag-main-news","16":"tag-mainnews","17":"tag-mundo","18":"tag-news","19":"tag-noticias","20":"tag-noticias-principais","21":"tag-noticiasprincipais","22":"tag-principais-noticias","23":"tag-principaisnoticias","24":"tag-top-stories","25":"tag-topstories","26":"tag-ultimas","27":"tag-ultimas-noticias","28":"tag-ultimasnoticias","29":"tag-world","30":"tag-world-news","31":"tag-worldnews"},"share_on_mastodon":{"url":"","error":""},"_links":{"self":[{"href":"https:\/\/www.europesays.com\/pt\/wp-json\/wp\/v2\/posts\/59915","targetHints":{"allow":["GET"]}}],"collection":[{"href":"https:\/\/www.europesays.com\/pt\/wp-json\/wp\/v2\/posts"}],"about":[{"href":"https:\/\/www.europesays.com\/pt\/wp-json\/wp\/v2\/types\/post"}],"author":[{"embeddable":true,"href":"https:\/\/www.europesays.com\/pt\/wp-json\/wp\/v2\/users\/2"}],"replies":[{"embeddable":true,"href":"https:\/\/www.europesays.com\/pt\/wp-json\/wp\/v2\/comments?post=59915"}],"version-history":[{"count":0,"href":"https:\/\/www.europesays.com\/pt\/wp-json\/wp\/v2\/posts\/59915\/revisions"}],"wp:featuredmedia":[{"embeddable":true,"href":"https:\/\/www.europesays.com\/pt\/wp-json\/wp\/v2\/media\/61"}],"wp:attachment":[{"href":"https:\/\/www.europesays.com\/pt\/wp-json\/wp\/v2\/media?parent=59915"}],"wp:term":[{"taxonomy":"category","embeddable":true,"href":"https:\/\/www.europesays.com\/pt\/wp-json\/wp\/v2\/categories?post=59915"},{"taxonomy":"post_tag","embeddable":true,"href":"https:\/\/www.europesays.com\/pt\/wp-json\/wp\/v2\/tags?post=59915"}],"curies":[{"name":"wp","href":"https:\/\/api.w.org\/{rel}","templated":true}]}}