{"id":59925,"date":"2025-09-05T15:41:34","date_gmt":"2025-09-05T15:41:34","guid":{"rendered":"https:\/\/www.europesays.com\/pt\/59925\/"},"modified":"2025-09-05T15:41:34","modified_gmt":"2025-09-05T15:41:34","slug":"tribunal-decretou-insolvencia-da-empresa-de-calcado-bravisublime-guimaraes-digital","status":"publish","type":"post","link":"https:\/\/www.europesays.com\/pt\/59925\/","title":{"rendered":"Tribunal decretou insolv\u00eancia da empresa de cal\u00e7ado Bravisublime &#8211; Guimar\u00e3es Digital"},"content":{"rendered":"<ol>\n<li><a href=\"https:\/\/news.google.com\/rss\/articles\/CBMizAFBVV95cUxNQ3dwUGF6dDAyTnhWbW9sNU8wTjRRMXpkTVFYNmp5bE9KNE1iNXJXbDVKQWxwQWl1bUsycW9TWUh4R3VySHo5Q3JYY2xyRFdiZVRGWWZsejFLX3Y5MWFpMTUxcmhqbmhFZ1dUU2wzUm9xSnIxa0RLSFF4Sm8yQzVTLVlZM2RVeF96LXFla18zY2VnUXNhREtsNmlnNmFJcUtJTTE3RGdFdWVtUDM3VllzVmVtSU4zOEJfN2h4b1NVYXI0N19MWkZwRmJZeWQ?oc=5\" target=\"_blank\" rel=\"nofollow noopener\">Tribunal decretou insolv\u00eancia da empresa de cal\u00e7ado Bravisublime<\/a>&nbsp;&nbsp;Guimar\u00e3es Digital<\/li>\n<li><a href=\"https:\/\/news.google.com\/rss\/articles\/CBMiqAFBVV95cUxPaERfTXpFTDh2djlKWVdLX2VNVFBZSlVHSV9fRDBDckN6RE1iVEdrTFczRUNpczVvNU0wQ1F1c1U1SE85dmUzT2pKSzZVeWpkR252bUVyOUxXbGJFdE04ZTBXRDZGQ0x0QWt4TWFzdUszR2JVZjVHdHd0SnRGM2J5bU9wTWZ6dUtiRXVVeFpnV2tVRjB5NndVR3BMTlBDZGR1dnBoek45VXA?oc=5\" target=\"_blank\" rel=\"nofollow noopener\">F\u00e1brica de cal\u00e7ado em Guimar\u00e3es manda 70 pessoas para o desemprego<\/a>&nbsp;&nbsp;Jornal de Not\u00edcias<\/li>\n<li><a href=\"https:\/\/news.google.com\/rss\/articles\/CBMiqwFBVV95cUxPVVloMEFrSGI5ZFNpb2Q2X1dSUDVfRWZnblF5VnFWS3Y0bVNKRm9WTHc2VnVBNHc1Tkpibm5GUHYzXzBWOTYzZzYyNjVYcC1BcndrZWMzTmpzSVNMMFUxOTNGV3Q4MTN5ZzZ3SUxIb1dVaTJOMzJYV1oyeTB5QVJxaXZHZzV4WkJTR3BvLTVKbWZNVWhKQl83aHRfUDJvQlFwUzhEamt6UXBGU2c?oc=5\" target=\"_blank\" rel=\"nofollow noopener\">Guimar\u00e3es: Empresa de cal\u00e7ado entra em insolv\u00eancia e deixa 42 trabalhadores no desemprego<\/a>&nbsp;&nbsp;O Minho<\/li>\n<li><a href=\"https:\/\/news.google.com\/rss\/articles\/CBMipgFBVV95cUxPMW4wWEFlbndtRVRqWTNRUEtCWHhnYWZ3QWRjbzNzdWNwSmswUWZuOXFBVkl2bk1VRW9INmdsNzBvbnBjcmdiMHNRU0NDOFZDOFlmNmpQU2dKX2pHTmxrMjdpd2dUTDA0VEhycUtJbkxDT2J3a1ZpU1NVOGlaZjcteWJIQjVhRmI4cUhETzdfSFhkZ3BiM1BPOTNBb1FEak13V1FqQXhB?oc=5\" target=\"_blank\" rel=\"nofollow noopener\">Tribunal decreta insolv\u00eancia da empresa de cal\u00e7ado Bravisublime de Guimar\u00e3es<\/a>&nbsp;&nbsp;Press Minho<\/li>\n<li><a href=\"https:\/\/news.google.com\/rss\/articles\/CBMisgFBVV95cUxQM3RreWdmX2d3N0l6Q2tRQi1ycW1nWVo1MldfYWJMNkM2NTNkcGdwOW1NZjVIMzNRblRNM2ZpTGlEcllPU1N5N2lWUWt0M255dHlzOWx5cjB2RGk0THZlMGstaTcyUUdfQ3h0dlR4aWhRSk5qTV9jZUYzX0dIOVpoVG56U1JqbWhVOXBuRmVUQ0s2U3MyeVNSNDhwTTYyb0s3V0E3bDFYVkdhNDNCRjgzNmtB?oc=5\" target=\"_blank\" rel=\"nofollow noopener\">Guimar\u00e3es: Empresa de cal\u00e7ado fecha portas ap\u00f3s f\u00e9rias. Trabalhadores com vencimentos em atraso<\/a>&nbsp;&nbsp;O Minho<\/li>\n<\/ol>\n","protected":false},"excerpt":{"rendered":"Tribunal decretou insolv\u00eancia da empresa de cal\u00e7ado Bravisublime&nbsp;&nbsp;Guimar\u00e3es Digital F\u00e1brica de cal\u00e7ado em Guimar\u00e3es manda 70 pessoas para&hellip;\n","protected":false},"author":2,"featured_media":59926,"comment_status":"","ping_status":"","sticky":false,"template":"","format":"standard","meta":{"footnotes":""},"categories":[83],"tags":[1701,88,89,90,1697,1699,32,33,1700,1698],"class_list":{"0":"post-59925","1":"post","2":"type-post","3":"status-publish","4":"format-standard","5":"has-post-thumbnail","7":"category-empresas","8":"tag-afonso-henriques","9":"tag-business","10":"tag-economy","11":"tag-empresas","12":"tag-guimaraes","13":"tag-nicolinas","14":"tag-portugal","15":"tag-pt","16":"tag-toural","17":"tag-vitoria"},"share_on_mastodon":{"url":"","error":""},"_links":{"self":[{"href":"https:\/\/www.europesays.com\/pt\/wp-json\/wp\/v2\/posts\/59925","targetHints":{"allow":["GET"]}}],"collection":[{"href":"https:\/\/www.europesays.com\/pt\/wp-json\/wp\/v2\/posts"}],"about":[{"href":"https:\/\/www.europesays.com\/pt\/wp-json\/wp\/v2\/types\/post"}],"author":[{"embeddable":true,"href":"https:\/\/www.europesays.com\/pt\/wp-json\/wp\/v2\/users\/2"}],"replies":[{"embeddable":true,"href":"https:\/\/www.europesays.com\/pt\/wp-json\/wp\/v2\/comments?post=59925"}],"version-history":[{"count":0,"href":"https:\/\/www.europesays.com\/pt\/wp-json\/wp\/v2\/posts\/59925\/revisions"}],"wp:featuredmedia":[{"embeddable":true,"href":"https:\/\/www.europesays.com\/pt\/wp-json\/wp\/v2\/media\/59926"}],"wp:attachment":[{"href":"https:\/\/www.europesays.com\/pt\/wp-json\/wp\/v2\/media?parent=59925"}],"wp:term":[{"taxonomy":"category","embeddable":true,"href":"https:\/\/www.europesays.com\/pt\/wp-json\/wp\/v2\/categories?post=59925"},{"taxonomy":"post_tag","embeddable":true,"href":"https:\/\/www.europesays.com\/pt\/wp-json\/wp\/v2\/tags?post=59925"}],"curies":[{"name":"wp","href":"https:\/\/api.w.org\/{rel}","templated":true}]}}