{"id":59962,"date":"2025-09-05T16:19:08","date_gmt":"2025-09-05T16:19:08","guid":{"rendered":"https:\/\/www.europesays.com\/pt\/59962\/"},"modified":"2025-09-05T16:19:08","modified_gmt":"2025-09-05T16:19:08","slug":"vuelta-joao-almeida-venceu-a-etapa-rainha-no-angliru","status":"publish","type":"post","link":"https:\/\/www.europesays.com\/pt\/59962\/","title":{"rendered":"Vuelta. Jo\u00e3o Almeida venceu a etapa rainha no Angliru"},"content":{"rendered":"<p>&#13;<br \/>\nO ciclista das Caldas da Rainha percorreu a dist\u00e2ncia de 202,7 quil\u00f3metros em 4 horas, 54 minutos e 15 segundos, entre Cabez\u00f3n de la Sal e o alto de L&#8217;Angliru.\u00a0&#13;\n<\/p>\n<p>          <img decoding=\"async\" itemprop=\"image\" class=\"img-fluid\"   src=\"https:\/\/www.europesays.com\/pt\/wp-content\/uploads\/2025\/09\/c03921e152a6728597a015d3e4a3cc05\"\/><\/p>\n<p><\/p>\n<p>&#13;<br \/>\nPara al\u00e9m de ter ganho tempo ao dinamarqu\u00eas da Visma, devido \u00e0s bonifica\u00e7\u00f5es, Jo\u00e3o Almeida cimentou o segundo lugar na prova e est\u00e1 agora a 46 segundos de Jonas Vingegaard.&#13;\n<\/p>\n<p>&#13;<br \/>\nA luta pela vit\u00f3ria final fica entre o ciclista portugu\u00eas e Jonas Vingegaard.&#13;\n<\/p>\n<p>&#13;<br \/>\nAmanh\u00e3, s\u00e1bado, a 14.\u00aa etapa vai ter 135 quil\u00f3metros de extens\u00e3o, entre Avil\u00e9s e o Alto de La Farrapona. Ser\u00e3o duas as contagens de montanha, ambas de primeira categoria, a \u00faltima a coincidir na meta.&#13;<\/p>\n","protected":false},"excerpt":{"rendered":"&#13; O ciclista das Caldas da Rainha percorreu a dist\u00e2ncia de 202,7 quil\u00f3metros em 4 horas, 54 minutos&hellip;\n","protected":false},"author":2,"featured_media":59963,"comment_status":"","ping_status":"","sticky":false,"template":"","format":"standard","meta":{"footnotes":""},"categories":[87],"tags":[16891,1342,135,640,16890,10299,32,33,134,14253,6813,16889],"class_list":{"0":"post-59962","1":"post","2":"type-post","3":"status-publish","4":"format-standard","5":"has-post-thumbnail","7":"category-desporto","8":"tag-angliru","9":"tag-ciclismo","10":"tag-desporto","11":"tag-espanha","12":"tag-etapa-rainha","13":"tag-joao-almeida","14":"tag-portugal","15":"tag-pt","16":"tag-sports","17":"tag-uae-emirates","18":"tag-vencedor","19":"tag-vuleta"},"share_on_mastodon":{"url":"","error":""},"_links":{"self":[{"href":"https:\/\/www.europesays.com\/pt\/wp-json\/wp\/v2\/posts\/59962","targetHints":{"allow":["GET"]}}],"collection":[{"href":"https:\/\/www.europesays.com\/pt\/wp-json\/wp\/v2\/posts"}],"about":[{"href":"https:\/\/www.europesays.com\/pt\/wp-json\/wp\/v2\/types\/post"}],"author":[{"embeddable":true,"href":"https:\/\/www.europesays.com\/pt\/wp-json\/wp\/v2\/users\/2"}],"replies":[{"embeddable":true,"href":"https:\/\/www.europesays.com\/pt\/wp-json\/wp\/v2\/comments?post=59962"}],"version-history":[{"count":0,"href":"https:\/\/www.europesays.com\/pt\/wp-json\/wp\/v2\/posts\/59962\/revisions"}],"wp:featuredmedia":[{"embeddable":true,"href":"https:\/\/www.europesays.com\/pt\/wp-json\/wp\/v2\/media\/59963"}],"wp:attachment":[{"href":"https:\/\/www.europesays.com\/pt\/wp-json\/wp\/v2\/media?parent=59962"}],"wp:term":[{"taxonomy":"category","embeddable":true,"href":"https:\/\/www.europesays.com\/pt\/wp-json\/wp\/v2\/categories?post=59962"},{"taxonomy":"post_tag","embeddable":true,"href":"https:\/\/www.europesays.com\/pt\/wp-json\/wp\/v2\/tags?post=59962"}],"curies":[{"name":"wp","href":"https:\/\/api.w.org\/{rel}","templated":true}]}}