{"id":59988,"date":"2025-09-05T16:44:14","date_gmt":"2025-09-05T16:44:14","guid":{"rendered":"https:\/\/www.europesays.com\/pt\/59988\/"},"modified":"2025-09-05T16:44:14","modified_gmt":"2025-09-05T16:44:14","slug":"por-onde-anda-angela-vieira-a-janete-de-terra-nostra-veja-como-ela-esta-hoje","status":"publish","type":"post","link":"https:\/\/www.europesays.com\/pt\/59988\/","title":{"rendered":"Por onde anda \u00c2ngela Vieira, a Janete de Terra Nostra? Veja como ela est\u00e1 hoje"},"content":{"rendered":"<p>A atriz <a href=\"https:\/\/natelinha.uol.com.br\/famosos\/tudo-sobre\/angela-vieira\" rel=\"nofollow noopener\" target=\"_blank\">\u00c2ngela Vieira<\/a> interpretou a vil\u00e3 <a href=\"https:\/\/natelinha.uol.com.br\/novelas\/terra-nostra\/personagem\/janete\" rel=\"nofollow noopener\" target=\"_blank\">Janete<\/a> em <a href=\"https:\/\/natelinha.uol.com.br\/novelas\/terra-nostra\" rel=\"nofollow noopener\" target=\"_blank\">Terra Nostra<\/a>, novela exibida entre 1999 e 2000 e reprisada atualmente na faixa Edi\u00e7\u00e3o Especial, nas tardes da Globo. Longe das novelas, a atriz n\u00e3o tem um papel fixo na TV h\u00e1 oito anos \u2013 desde ent\u00e3o, ela s\u00f3 tem feito participa\u00e7\u00f5es especiais.<\/p>\n<p>Em Terra Nostra, Janete \u00e9 a esposa de Francesco (Raul Cortez), com quem se casou contra a vontade. A megera despreza os italianos, apesar de ser casada com um, e faz o que pode para evitar o relacionamento entre <a href=\"https:\/\/natelinha.uol.com.br\/novelas\/terra-nostra\/personagem\/giuliana\" rel=\"nofollow noopener\" target=\"_blank\">Giuliana<\/a> (Ana Paula Ar\u00f3sio) e seu filho <a href=\"https:\/\/natelinha.uol.com.br\/novelas\/terra-nostra\/personagem\/marco-antonio\" rel=\"nofollow noopener\" target=\"_blank\">Marco Antonio<\/a> (Marcello Antony).<\/p>\n<p>+ <a href=\"https:\/\/natelinha.uol.com.br\/novelas\/2025\/09\/05\/ate-sandy-e-junior-terra-nostra-botou-brasileiros-para-cantar-em-italiano-ouca-230871.php\" rel=\"nofollow noopener\" target=\"_blank\">At\u00e9 Sandy e Junior: Terra Nostra botou brasileiros para cantar em italiano; ou\u00e7a<\/a><\/p>\n<p>continua depois da publicidade<\/p>\n<p>No decorrer da trama, Janete some com o filho de Giuliana e <a href=\"https:\/\/natelinha.uol.com.br\/novelas\/terra-nostra\/personagem\/matteo\" rel=\"nofollow noopener\" target=\"_blank\">Matteo<\/a> (Thiago Lacerda), para n\u00e3o ter que conviver com um neto bastardo. Ela tamb\u00e9m ter\u00e1 um envolvimento com o cocheiro Josu\u00e9 (Juan Alba).<\/p>\n<p><img decoding=\"async\" loading=\"lazy\" class=\"horizontal\" src=\"https:\/\/www.europesays.com\/pt\/wp-content\/uploads\/2025\/09\/angela-vieira_7328.jpeg\" alt=\"\u00c2ngela Vieira\"\/><br \/>\nPapel mais recente de \u00c2ngela Vieira na TV foi uma participa\u00e7\u00e3o em Al\u00e9m da Ilus\u00e3o, em 2022 &#8211; Foto: Divulga\u00e7\u00e3o\/Globo<\/p>\n<p>Nascida no Rio de Janeiro (RJ), em 3 de mar\u00e7o de 1952, \u00c2ngela Vieira come\u00e7ou a carreira nos palcos nos anos 1970, como atriz e bailarina, fazendo tamb\u00e9m alguns trabalhos como core\u00f3grafa.<\/p>\n<p>A estreia na TV como atriz foi no humor\u00edstico Planeta dos Homens, em 1978. Tamb\u00e9m participou de programas de <a href=\"https:\/\/natelinha.uol.com.br\/famosos\/tudo-sobre\/chico-anysio\" rel=\"nofollow noopener\" target=\"_blank\">Chico Anysio<\/a> (1931-2012) e <a href=\"https:\/\/natelinha.uol.com.br\/famosos\/tudo-sobre\/jo-soares\" rel=\"nofollow noopener\" target=\"_blank\">J\u00f4 Soares<\/a> (1938-2022).<\/p>\n<p>Nos anos seguintes, atuou em novelas e s\u00e9ries, geralmente interpretando mulheres ricas e sofisticadas, com pap\u00e9is em v\u00e1rias emissoras, incluindo Globo, Manchete e Band.<\/p>\n<p>continua depois da publicidade<\/p>\n<p>Entre os trabalhos mais lembrados, est\u00e3o Corpo Santo (1987), Araponga (1990), A Idade da Loba (1995), O Fim do Mundo (1995), Por Amor (1997), Meu Bem Querer (1998), Cora\u00e7\u00e3o de Estudante (2002), Kubanacan (2003), Senhora do Destino (2004), Cobras e Lagartos (2006), entre outros.<\/p>\n<p>+ <a href=\"https:\/\/natelinha.uol.com.br\/novelas\/2025\/09\/04\/quando-giuliana-e-matteo-se-reencontram-em-terra-nostra-saiba-o-que-acontece-com-o-casal-230855.php\" rel=\"nofollow noopener\" target=\"_blank\">Quando Giuliana e Matteo se reencontram em Terra Nostra? Saiba o que acontece com o casal<\/a><\/p>\n<p>+ <a href=\"https:\/\/natelinha.uol.com.br\/novelas\/2025\/09\/03\/cena-mais-marcante-de-terra-nostra-foi-inspirada-em-caso-real-aquela-crianca-sou-eu-230760.php\" rel=\"nofollow noopener\" target=\"_blank\">Cena mais marcante de Terra Nostra foi inspirada em caso real: &#8220;Aquela crian\u00e7a sou eu&#8221;<\/a><\/p>\n<p>Entre os t\u00edtulos mais recentes, aparecem Fina Estampa (2011), Flor do Caribe (2013), Em Fam\u00edlia (2014), I Love Parais\u00f3polis (2015) e Pega Pega (2017), seu \u00faltimo trabalho fixo em novelas.<\/p>\n<p>continua depois da publicidade<\/p>\n<p>Desde ent\u00e3o, ela fez participa\u00e7\u00f5es nas novelas Bom Sucesso (2019) e Al\u00e9m da Ilus\u00e3o (2022) e na s\u00e9rie Maldivas (2022), da Netflix. No per\u00edodo fora do ar, tamb\u00e9m seguiu dedicando-se ao teatro.<\/p>\n<p>Aos 73 anos, \u00c2ngela Vieira segue casada com o cartunista Miguel Paiva desde 2004. Antes,\u00a0de 1983 a 1997, foi casada com o ator <a href=\"https:\/\/natelinha.uol.com.br\/famosos\/2024\/09\/24\/morre-roberto-frota-ator-de-novelas-da-globo-aos-85-anos-217099.php\" rel=\"nofollow noopener\" target=\"_blank\">Roberto Frota<\/a>\u00a0(1939-2024), com quem teve a \u00fanica filha, Nina Frota, nascida em 1984. Veja fotos recentes de registros publicados pela atriz nas redes sociais:<\/p>\n<p><img decoding=\"async\" loading=\"lazy\" class=\"horizontal\" src=\"https:\/\/www.europesays.com\/pt\/wp-content\/uploads\/2025\/09\/angela-vieira-1_6129.jpeg\" alt=\"Por onde anda \u00c2ngela Vieira, a Janete de Terra Nostra? Veja como ela est\u00e1 hoje\"\/><\/p>\n<p><img decoding=\"async\" loading=\"lazy\" class=\"horizontal\" src=\"https:\/\/www.europesays.com\/pt\/wp-content\/uploads\/2025\/09\/angela-vieira-2_6799.jpeg\" alt=\"Por onde anda \u00c2ngela Vieira, a Janete de Terra Nostra? Veja como ela est\u00e1 hoje\"\/><\/p>\n<p><img decoding=\"async\" loading=\"lazy\" class=\"horizontal\" src=\"https:\/\/www.europesays.com\/pt\/wp-content\/uploads\/2025\/09\/angela-vieira-3_1773.jpeg\" alt=\"Por onde anda \u00c2ngela Vieira, a Janete de Terra Nostra? Veja como ela est\u00e1 hoje\"\/><\/p>\n<p>Exibida originalmente entre 1999 e 2000, <a href=\"https:\/\/natelinha.uol.com.br\/novelas\/terra-nostra\" rel=\"nofollow noopener\" target=\"_blank\">Terra Nostra<\/a> foi escrita por Benedito Ruy Barbosa, com colabora\u00e7\u00e3o de Edmara Barbosa e Edilene Barbosa. Teve dire\u00e7\u00e3o geral de Jayme Monjardim e dire\u00e7\u00e3o de Marcelo Travesso e Carlos Magalh\u00e3es.<\/p>\n<p>continua depois da publicidade<\/p>\n<p>O <strong>NaTelinha<\/strong> divulga todos os dias os resumos dos cap\u00edtulos, detalhes dos personagens, entrevistas exclusivas com o elenco e spoilers da novela Terra Nostra. <a href=\"https:\/\/natelinha.uol.com.br\/novelas\" rel=\"nofollow noopener\" target=\"_blank\">Confira!<\/a><\/p>\n","protected":false},"excerpt":{"rendered":"A atriz \u00c2ngela Vieira interpretou a vil\u00e3 Janete em Terra Nostra, novela exibida entre 1999 e 2000 e&hellip;\n","protected":false},"author":2,"featured_media":59989,"comment_status":"","ping_status":"","sticky":false,"template":"","format":"standard","meta":{"footnotes":""},"categories":[142],"tags":[16893,114,115,753,16894,32,33,7312,151],"class_list":{"0":"post-59988","1":"post","2":"type-post","3":"status-publish","4":"format-standard","5":"has-post-thumbnail","7":"category-tv","8":"tag-angela-vieira","9":"tag-entertainment","10":"tag-entretenimento","11":"tag-globo","12":"tag-janete-terra-nostra","13":"tag-portugal","14":"tag-pt","15":"tag-terra-nostra","16":"tag-tv"},"share_on_mastodon":{"url":"","error":""},"_links":{"self":[{"href":"https:\/\/www.europesays.com\/pt\/wp-json\/wp\/v2\/posts\/59988","targetHints":{"allow":["GET"]}}],"collection":[{"href":"https:\/\/www.europesays.com\/pt\/wp-json\/wp\/v2\/posts"}],"about":[{"href":"https:\/\/www.europesays.com\/pt\/wp-json\/wp\/v2\/types\/post"}],"author":[{"embeddable":true,"href":"https:\/\/www.europesays.com\/pt\/wp-json\/wp\/v2\/users\/2"}],"replies":[{"embeddable":true,"href":"https:\/\/www.europesays.com\/pt\/wp-json\/wp\/v2\/comments?post=59988"}],"version-history":[{"count":0,"href":"https:\/\/www.europesays.com\/pt\/wp-json\/wp\/v2\/posts\/59988\/revisions"}],"wp:featuredmedia":[{"embeddable":true,"href":"https:\/\/www.europesays.com\/pt\/wp-json\/wp\/v2\/media\/59989"}],"wp:attachment":[{"href":"https:\/\/www.europesays.com\/pt\/wp-json\/wp\/v2\/media?parent=59988"}],"wp:term":[{"taxonomy":"category","embeddable":true,"href":"https:\/\/www.europesays.com\/pt\/wp-json\/wp\/v2\/categories?post=59988"},{"taxonomy":"post_tag","embeddable":true,"href":"https:\/\/www.europesays.com\/pt\/wp-json\/wp\/v2\/tags?post=59988"}],"curies":[{"name":"wp","href":"https:\/\/api.w.org\/{rel}","templated":true}]}}