{"id":60021,"date":"2025-09-05T17:12:13","date_gmt":"2025-09-05T17:12:13","guid":{"rendered":"https:\/\/www.europesays.com\/pt\/60021\/"},"modified":"2025-09-05T17:12:13","modified_gmt":"2025-09-05T17:12:13","slug":"por-que-bruna-hamu-mocinha-de-malhacao-e-hoje-pastora-nao-quer-voltar-as-novelas-e-a-tv-aos-35-anos-ex-atriz-tem-motivo-religioso-para-decisao","status":"publish","type":"post","link":"https:\/\/www.europesays.com\/pt\/60021\/","title":{"rendered":"Por que Bruna Ham\u00fa, mocinha de &#8216;Malha\u00e7\u00e3o&#8217; e hoje pastora, n\u00e3o quer voltar \u00e0s novelas e \u00e0 TV? Aos 35 anos, ex-atriz tem motivo religioso para decis\u00e3o"},"content":{"rendered":"<p>\n                        Protagonista de &#8216;Malha\u00e7\u00e3o&#8217; entre 2014 e 2015, Bruna Ham\u00fa deixou a TV em 2019 e n\u00e3o pensa no retorno \u00e0s novelas. Hoje gr\u00e1vida pela terceira e aos 35 anos, se tornou pastora de igreja evang\u00e9lica no interior de SP\n                    <\/p>\n<p><img loading=\"lazy\" decoding=\"async\" alt=\"Por que Bruna Ham\u00fa, mocinha de 'Malha\u00e7\u00e3o' e hoje pastora, n\u00e3o quer voltar \u00e0s novelas e \u00e0 TV? Aos 35 anos, ex-atriz tem motivo religioso para decis\u00e3o.\" class=\"img-505a846639450db91d2d8e4cb79041f9lo8q8fgc\" height=\"455\" src=\"https:\/\/www.europesays.com\/pt\/wp-content\/uploads\/2025\/09\/745201835-1b5237ef6c918eef-1400x823-1.jpg\"  title=\"Por que Bruna Ham\u00fa, mocinha de 'Malha\u00e7\u00e3o' e hoje pastora, n\u00e3o quer voltar \u00e0s novelas e \u00e0 TV? Aos 35 anos, ex-atriz tem motivo religioso para decis\u00e3o.\" width=\"774\"\/><\/p>\n<p>Por que Bruna Ham\u00fa, mocinha de &#8216;Malha\u00e7\u00e3o&#8217; e hoje pastora, n\u00e3o quer voltar \u00e0s novelas e \u00e0 TV? Aos 35 anos, ex-atriz tem motivo religioso para decis\u00e3o.<\/p>\n<p>Foto: Reprodu\u00e7\u00e3o\/Instagram, @brunahamu \/ Purepeople<\/p>\n<p class=\"text\"><a href=\"https:\/\/www.purepeople.com.br\/noticia\/reta-final-de-malhacao-bianca-sonha-que-se-casa-com-duca-arthur-aguiar_a65128\/1\" rel=\"nofollow noopener\" target=\"_blank\">Protagonista de &#8220;Malha\u00e7\u00e3o Sonhos&#8221;<\/a> (2014-2015), <a href=\"https:\/\/www.purepeople.com.br\/famosos\/bruna-hamu_p3745\" rel=\"nofollow noopener\" target=\"_blank\"><strong>Bruna Ham\u00fa<\/strong><\/a> se desligou da TV em 2019 ap\u00f3s uma r\u00e1pida participa\u00e7\u00e3o em &#8220;A Dona do Peda\u00e7o&#8221;. Passados seis anos e agora aos 35 anos e gr\u00e1vida do terceiro filho, a brasiliense deu uma guinada pessoal: largou a carreira art\u00edstica, n\u00e3o pensa em voltar \u00e0s novelas e nem na TV e abra\u00e7ou uma voca\u00e7\u00e3o religiosa: o <strong>de pastora<\/strong>.<\/p>\n<p class=\"text\"><a href=\"https:\/\/www.purepeople.com.br\/noticia\/filho-de-bruna-hamu-da-show-de-fofura-e-rouba-a-cena-em-evento-com-a-atriz-fotos_a283678\/1\" rel=\"nofollow noopener\" target=\"_blank\">M\u00e3e de Julio, hoje com 8 anos<\/a>, (fruto do casamento com <a href=\"https:\/\/www.purepeople.com.br\/noticia\/separacao-bruna-hamu-confirma-fim-de-casamento-com-empresario-detalhes_a283714\/1\" rel=\"nofollow noopener\" target=\"_blank\">Diego Moregola, de quem se separou em 2019<\/a>) e Joaquim, 1 ano (do casamento com pastor evang\u00e9lico Leonardo Feltrim, com quem se uniu em 2022) \u00e9 l\u00edder dos minist\u00e9rios da Zion Church Campinas, no interior de S\u00e3o Paulo, ao lado do atual marido.\u00a0<\/p>\n<p class=\"text\">Int\u00e9rprete da Bianca na novelinha adolescente, Bruna <strong>afirmou ter ouvido a voz divina revelando que Leonardo se tornaria seu marido<\/strong>.<\/p>\n<p>\n  &#8216;Novelas t\u00eam cenas contr\u00e1rias aos princ\u00edpios do Senhor&#8217;\n<\/p>\n<p class=\"text\">Em entrevista, a hoje pastora fez um forte relato envolvendo sua convers\u00e3o. &#8220;Sempre fui evang\u00e9lica-crist\u00e3, mas, quando me converti de verdade e <strong>comecei a jejuar, falei: &#8216;Deus, n\u00e3o consigo continuar&#8217;<\/strong>. As pessoas sabiam que eu era evang\u00e9lica-crist\u00e3, <a href=\"https:\/\/www.purepeople.com.br\/noticia\/bruna-hamu-de-malhacao-sonhos-marca-presenca-em-camarote-em-salvador_a42202\/1\" rel=\"nofollow noopener\" target=\"_blank\">mas eu vivia no mundo, convivia com as pessoas e ia a festas<\/a>&#8220;, recordou ao &#8220;HUB Podcast&#8221;.<\/p>\n<p class=\"text\">Bruna recordou ainda sua rea\u00e7\u00e3o ao concluir as grava\u00e7\u00f5es de &#8220;A Dona do Peda\u00e7o&#8221;. &#8220;Falei para Deus que sentia que n\u00e3o conseguiria voltar. Passei o ano de 2020 inteiro falando que n\u00e3o voltaria nunca mais a atuar. <strong>Novelas e filmes t\u00eam cenas que s\u00e3o contr\u00e1rias aos princ\u00edpios do Senhor<\/strong>. Por mais que seja um personagem, sou e&#8230;<\/p>\n<p class=\"text\"><a href=\"https:\/\/www.purepeople.com.br\/noticia\/bruna-hamu-malhacao-ex-atriz-da-globo-e-em-3a-gravidez-famosa-trocou-tv-por-igreja-e-nao-quer-voltar-para-novelas-saiba-por-que_a411170\/1\" rel=\"nofollow noopener\" target=\"_blank\">Veja mais<\/a><\/p>\n<p class=\"text\"><b>Mat\u00e9rias relacionadas<\/b><\/p>\n<p class=\"text\"><a href=\"https:\/\/www.purepeople.com.br\/noticia\/como-esta-hoje-tato-de-a-viagem-ex-globo-ator-tem-vida-reclusa-no-interior-e-revela-desejo-de-voltar-para-tv_a407620\/1\" rel=\"nofollow noopener\" target=\"_blank\">Como est\u00e1 o Tato, de &#8216;A Viagem&#8217;, hoje? H\u00e1 17 anos fora de novelas da Globo, Felipe Martins leva vida &#8216;na ro\u00e7a&#8217; e quer voltar para a TV<\/a><\/p>\n<p class=\"text\"><a href=\"https:\/\/www.purepeople.com.br\/noticia\/como-esta-hoje-bia-de-a-viagem-jovem-em-novela-da-globo-atriz-esta-longe-da-tv-tem-casamento-com-ex-diretor-da-emissora-e-revela-fase-na-carreira-empreender_a408244\/1\" rel=\"nofollow noopener\" target=\"_blank\">&#8216;Foco agora \u00e9&#8230;&#8217;: Como est\u00e1 hoje a Bia de &#8216;A Viagem&#8217;? 31 anos ap\u00f3s a novela, atriz se afastou da TV, tem carreira nova e longo casamento com ex-diretor da Globo<\/a><\/p>\n<p class=\"text\"><a href=\"https:\/\/www.purepeople.com.br\/noticia\/famosas-e-fora-da-globo-com-mais-de-80-anos-atrizes-como-gloria-menezes-laura-cardoso-e-outras-4-enfrentam-a-solidao-longe-da-tv-saiba-como-estao_a409475\/1\" rel=\"nofollow noopener\" target=\"_blank\">H\u00e1 62 anos, elas brilhavam na Globo, hoje vivem reclusas e fora da TV: como est\u00e3o 6 atrizes 80+ que estrelaram novelas de sucesso?<\/a><\/p>\n<p class=\"text\"><a href=\"https:\/\/www.purepeople.com.br\/noticia\/onde-anda-o-irmao-da-luciana-gimenez-marco-antonio-gimenez-o-urubu-de-malhacao-na-globo-esta-desempregado-aos-44-anos-e-mora-com-a-mae-vera-gimenez_a408977\/1\" rel=\"nofollow noopener\" target=\"_blank\">Como est\u00e1 Marco Ant\u00f4nio Gimenez? Desempregado, ex-gal\u00e3 de &#8216;Malha\u00e7\u00e3o&#8217; completa 44 anos longe das novelas h\u00e1 8 anos e de volta ao colo da m\u00e3e<\/a><\/p>\n<p class=\"text\"><a href=\"https:\/\/www.purepeople.com.br\/noticia\/como-esta-mara-carvalho-hoje-atriz-da-novela-a-viagem-tem-vida-afastada-da-tv-e-namorado-famoso-saiba-detalhes_a408381\/1\" rel=\"nofollow noopener\" target=\"_blank\">Como est\u00e1 hoje Mara Carvalho, a Regina da novela &#8216;A Viagem&#8217;? Ex-mulher de Antonio Fagundes se afastou da TV h\u00e1 15 anos e tem namorado famoso<\/a><\/p>\n","protected":false},"excerpt":{"rendered":"Protagonista de &#8216;Malha\u00e7\u00e3o&#8217; entre 2014 e 2015, Bruna Ham\u00fa deixou a TV em 2019 e n\u00e3o pensa no&hellip;\n","protected":false},"author":2,"featured_media":60022,"comment_status":"","ping_status":"","sticky":false,"template":"","format":"standard","meta":{"footnotes":""},"categories":[142],"tags":[114,115,32,33,151],"class_list":{"0":"post-60021","1":"post","2":"type-post","3":"status-publish","4":"format-standard","5":"has-post-thumbnail","7":"category-tv","8":"tag-entertainment","9":"tag-entretenimento","10":"tag-portugal","11":"tag-pt","12":"tag-tv"},"share_on_mastodon":{"url":"","error":""},"_links":{"self":[{"href":"https:\/\/www.europesays.com\/pt\/wp-json\/wp\/v2\/posts\/60021","targetHints":{"allow":["GET"]}}],"collection":[{"href":"https:\/\/www.europesays.com\/pt\/wp-json\/wp\/v2\/posts"}],"about":[{"href":"https:\/\/www.europesays.com\/pt\/wp-json\/wp\/v2\/types\/post"}],"author":[{"embeddable":true,"href":"https:\/\/www.europesays.com\/pt\/wp-json\/wp\/v2\/users\/2"}],"replies":[{"embeddable":true,"href":"https:\/\/www.europesays.com\/pt\/wp-json\/wp\/v2\/comments?post=60021"}],"version-history":[{"count":0,"href":"https:\/\/www.europesays.com\/pt\/wp-json\/wp\/v2\/posts\/60021\/revisions"}],"wp:featuredmedia":[{"embeddable":true,"href":"https:\/\/www.europesays.com\/pt\/wp-json\/wp\/v2\/media\/60022"}],"wp:attachment":[{"href":"https:\/\/www.europesays.com\/pt\/wp-json\/wp\/v2\/media?parent=60021"}],"wp:term":[{"taxonomy":"category","embeddable":true,"href":"https:\/\/www.europesays.com\/pt\/wp-json\/wp\/v2\/categories?post=60021"},{"taxonomy":"post_tag","embeddable":true,"href":"https:\/\/www.europesays.com\/pt\/wp-json\/wp\/v2\/tags?post=60021"}],"curies":[{"name":"wp","href":"https:\/\/api.w.org\/{rel}","templated":true}]}}