{"id":60251,"date":"2025-09-05T21:04:08","date_gmt":"2025-09-05T21:04:08","guid":{"rendered":"https:\/\/www.europesays.com\/pt\/60251\/"},"modified":"2025-09-05T21:04:08","modified_gmt":"2025-09-05T21:04:08","slug":"descobrimos-os-planos-secretos-de-cristina-ferreira-para-o-seu-aniversario-e-uma-festa-mais-privada","status":"publish","type":"post","link":"https:\/\/www.europesays.com\/pt\/60251\/","title":{"rendered":"Descobrimos os planos secretos de Cristina Ferreira para o seu anivers\u00e1rio: \u00ab\u00c9 uma festa mais privada\u00bb"},"content":{"rendered":"<p data-end=\"685\" data-start=\"312\">Este ano, Cristina Ferreira prepara-se para assinalar o seu 48.\u00ba anivers\u00e1rio num clima mais \u00edntimo e exclusivo, longe do habitual brilho das grandes festas. Tal como noticiou a <strong data-end=\"511\" data-start=\"489\">revista Nova Gente<\/strong>, a apresentadora planeia celebrar em <strong data-end=\"558\" data-start=\"549\">Ibiza<\/strong>, rodeada apenas dos amigos mais pr\u00f3ximos \u2014 um regresso \u00e0 discri\u00e7\u00e3o que segue uma resolu\u00e7\u00e3o pessoal assumida h\u00e1 j\u00e1 alguns anos.<\/p>\n<p data-end=\"974\" data-start=\"723\">No <a href=\"https:\/\/tvi.iol.pt\/vmais\/programa\/v-fama\/66aa431ed34ea1acf26cda0d\" target=\"_blank\" rel=\"nofollow noopener\"><strong data-end=\"752\" data-start=\"741\">V+ Fama<\/strong><\/a>\u00a0desta sexta-feira, 5 de setembro, o comentador <strong data-end=\"791\" data-start=\"767\">Ant\u00f3nio Leal e Silva<\/strong> revelou que, <strong data-end=\"823\" data-start=\"805\">h\u00e1 2 ou 3 anos<\/strong>, Cristina fez uma resolu\u00e7\u00e3o: celebrar os seus anivers\u00e1rios apenas com os amigos mais pr\u00f3ximos, e, nesse sentido, aplaudiram a escolha da apresentadora de fazer\u00a0\u00abuma festa mais privada\u00bb.<\/p>\n<p data-end=\"1319\" data-start=\"1175\">Em 2025, tudo indica que a celebra\u00e7\u00e3o ser\u00e1 exclusivamente <strong data-end=\"1257\" data-start=\"1233\">entre amigos \u00edntimos<\/strong>, em contraste com festas anteriores que se tornaram ic\u00f3nicas:<\/p>\n<ul data-end=\"1646\" data-start=\"1321\">\n<li data-end=\"1395\" data-start=\"1321\">\n<p data-end=\"1395\" data-start=\"1323\">Em <strong data-end=\"1334\" data-start=\"1326\">2020<\/strong>, organizou uma grande festa na <strong data-end=\"1381\" data-start=\"1366\">Estufa Fria<\/strong>, em Lisboa.<\/p>\n<\/li>\n<li data-end=\"1477\" data-start=\"1396\">\n<p data-end=\"1477\" data-start=\"1398\">Em <strong data-end=\"1409\" data-start=\"1401\">2021<\/strong>, mudou o cen\u00e1rio para a <strong data-end=\"1445\" data-start=\"1434\">Madeira<\/strong>, num ambiente mais reservado.<\/p>\n<\/li>\n<li data-end=\"1646\" data-start=\"1478\">\n<p data-end=\"1646\" data-start=\"1480\">Em <strong data-end=\"1491\" data-start=\"1483\">2022<\/strong>, regressou a Lisboa, com um requintado baile de m\u00e1scaras no <strong data-end=\"1567\" data-start=\"1552\">Tapada Spot<\/strong>, na Tapada da Ajuda \u2014 festas pensadas ao pormenor, com centenas de convidados.<\/p>\n<\/li>\n<\/ul>\n<p data-end=\"2042\" data-start=\"1648\">Este ano, ao inv\u00e9s de uma cerim\u00f3nia tem\u00e1tica, segundo as informa\u00e7\u00f5es da revista\u00a0<strong data-end=\"1978\" data-start=\"1964\">Nova Gente<\/strong>, optou por algo mais reservado. Cristina fez uma paragem em <strong data-end=\"1774\" data-start=\"1764\">Madrid<\/strong>, onde esteve hospedada na Plaza Mayor, mas j\u00e1 se encontra em <strong data-end=\"1845\" data-start=\"1836\">Ibiza<\/strong>, acompanhada por Rubinho (Ruben Correia), Catarina Duarte e a amiga espanhola Mar\u00eda L\u00e1zaro, pelo que foi partilhado nas suas redes sociais.<\/p>\n<p data-end=\"2042\" data-start=\"1648\">Veja as fotos que a apresentadora j\u00e1 partilhou desta viagem, na galeria em cima.<\/p>\n","protected":false},"excerpt":{"rendered":"Este ano, Cristina Ferreira prepara-se para assinalar o seu 48.\u00ba anivers\u00e1rio num clima mais \u00edntimo e exclusivo, longe&hellip;\n","protected":false},"author":2,"featured_media":60252,"comment_status":"","ping_status":"","sticky":false,"template":"","format":"standard","meta":{"footnotes":""},"categories":[145],"tags":[73,72,66,211,210,166,16961,114,115,77,69,75,71,67,32,33,76,74,70,35,78,68],"class_list":{"0":"post-60251","1":"post","2":"type-post","3":"status-publish","4":"format-standard","5":"has-post-thumbnail","7":"category-celebridades","8":"tag-a-jornada","9":"tag-bate-bola","10":"tag-bom-dia-alegria","11":"tag-celebridades","12":"tag-celebrities","13":"tag-cristina-ferreira","14":"tag-cristina-ferreira-aniversario","15":"tag-entertainment","16":"tag-entretenimento","17":"tag-estudio-estadio","18":"tag-fanaticos","19":"tag-livre-e-direto","20":"tag-nova-geracao","21":"tag-para-si","22":"tag-portugal","23":"tag-pt","24":"tag-segredos-do-prazer","25":"tag-segue-o-jogo","26":"tag-super-craques","27":"tag-transferencias","28":"tag-v-fama","29":"tag-var-aberto"},"share_on_mastodon":{"url":"","error":""},"_links":{"self":[{"href":"https:\/\/www.europesays.com\/pt\/wp-json\/wp\/v2\/posts\/60251","targetHints":{"allow":["GET"]}}],"collection":[{"href":"https:\/\/www.europesays.com\/pt\/wp-json\/wp\/v2\/posts"}],"about":[{"href":"https:\/\/www.europesays.com\/pt\/wp-json\/wp\/v2\/types\/post"}],"author":[{"embeddable":true,"href":"https:\/\/www.europesays.com\/pt\/wp-json\/wp\/v2\/users\/2"}],"replies":[{"embeddable":true,"href":"https:\/\/www.europesays.com\/pt\/wp-json\/wp\/v2\/comments?post=60251"}],"version-history":[{"count":0,"href":"https:\/\/www.europesays.com\/pt\/wp-json\/wp\/v2\/posts\/60251\/revisions"}],"wp:featuredmedia":[{"embeddable":true,"href":"https:\/\/www.europesays.com\/pt\/wp-json\/wp\/v2\/media\/60252"}],"wp:attachment":[{"href":"https:\/\/www.europesays.com\/pt\/wp-json\/wp\/v2\/media?parent=60251"}],"wp:term":[{"taxonomy":"category","embeddable":true,"href":"https:\/\/www.europesays.com\/pt\/wp-json\/wp\/v2\/categories?post=60251"},{"taxonomy":"post_tag","embeddable":true,"href":"https:\/\/www.europesays.com\/pt\/wp-json\/wp\/v2\/tags?post=60251"}],"curies":[{"name":"wp","href":"https:\/\/api.w.org\/{rel}","templated":true}]}}