{"id":60361,"date":"2025-09-05T22:41:09","date_gmt":"2025-09-05T22:41:09","guid":{"rendered":"https:\/\/www.europesays.com\/pt\/60361\/"},"modified":"2025-09-05T22:41:09","modified_gmt":"2025-09-05T22:41:09","slug":"devemos-travar-ja-a-eliminacao-dos-motores-de-combustao","status":"publish","type":"post","link":"https:\/\/www.europesays.com\/pt\/60361\/","title":{"rendered":"\u201cDevemos travar j\u00e1 a elimina\u00e7\u00e3o dos motores de combust\u00e3o\u201d"},"content":{"rendered":"<p>A ind\u00fastria autom\u00f3vel europeia est\u00e1 dividida quanto \u00e0 proibi\u00e7\u00e3o dos motores de combust\u00e3o em 2035. Na Alemanha, principal pulm\u00e3o do setor na Europa, come\u00e7am agora a tomar posi\u00e7\u00e3o e a pressionar fortemente a partir de diferentes setores.<\/p>\n<p><a target=\"_blank\" href=\"https:\/\/pplware.sapo.pt\/wp-content\/uploads\/2025\/09\/carros_alemanha00.jpg\" onclick=\"refreshIframe()\" class=\"foobox\" rel=\"nofollow noopener\"><img fetchpriority=\"high\" decoding=\"async\" src=\"https:\/\/www.europesays.com\/pt\/wp-content\/uploads\/2025\/09\/carros_alemanha00-720x405.jpg\" alt=\"Imagem de um exemplar da Alemanha de motores de combust\u00e3o\" width=\"720\" height=\"405\" class=\"aligncenter wp-image-1077131 size-medium\"  \/><\/a><\/p>\n<p>Est\u00e3o a disparar os alarmes de &#8220;preocupa\u00e7\u00e3o&#8221;<\/p>\n<p>Como todos sabemos, em <a target=\"_blank\" href=\"https:\/\/pplware.sapo.pt\/motores\/e-oficial-venda-carros-a-gasolina-e-gasoleo-proibida-a-partir-de-2035\/\" rel=\"nofollow noopener\">2035 ser\u00e1 proibida na Europa<\/a> a venda de carros com motor de combust\u00e3o, <strong>incluindo os h\u00edbridos<\/strong>. No entanto, a ind\u00fastria h\u00e1 muito que pressiona para corrigir este caminho. Agora, a partir da Alemanha, principal motor do setor no continente, come\u00e7am a \u201calinhar-se os astros\u201d.<\/p>\n<p>Come\u00e7aram as pr\u00f3prias marcas a <a target=\"_blank\" href=\"https:\/\/pplware.sapo.pt\/motores\/fabricantes-reforcam-que-a-ue-nao-pode-forcar-a-mobilidade-eletrica\/\" rel=\"nofollow noopener\">recuar nos seus ambiciosos planos de se tornarem puramente el\u00e9tricas<\/a> at\u00e9 ao final da presente d\u00e9cada, e agora parecem segui-las, na sua maioria, os dirigentes pol\u00edticos e as associa\u00e7\u00f5es autom\u00f3veis.<\/p>\n<p>N\u00e3o nos enganemos, (quase) todos est\u00e3o de acordo em que <strong>o ve\u00edculo el\u00e9trico \u00e9 o caminho a seguir<\/strong>. O que se coloca em causa e se questiona \u00e9 o percurso para chegar a este objetivo, sobretudo tendo em conta as <strong>dificuldades recentes que as marcas enfrentam atualmente<\/strong>.<\/p>\n<p>Falamos dos maiores custos de fabrico, da incerteza dos consumidores, da <strong>infraestrutura desigual de carregamento na Europa<\/strong>, do dom\u00ednio da cadeia de abastecimento pelos <strong>fabricantes chineses<\/strong> e das tarifas de 1<strong>5%o impostas recentemente por Donald Trump<\/strong>.<\/p>\n<p><a target=\"_blank\" href=\"https:\/\/pplware.sapo.pt\/wp-content\/uploads\/2025\/09\/carros_alemanha01.jpg\" onclick=\"refreshIframe()\" class=\"foobox\" rel=\"nofollow noopener\"><img loading=\"lazy\" decoding=\"async\" src=\"https:\/\/www.europesays.com\/pt\/wp-content\/uploads\/2025\/09\/carros_alemanha01-720x405.jpg\" alt=\"\" width=\"720\" height=\"405\" class=\"aligncenter size-medium wp-image-1077132\"  \/><\/a><\/p>\n<p>Alemanha pressiona a Europa<\/p>\n<p>Segundo os <a target=\"_blank\" href=\"https:\/\/ecomento.de\/2025\/09\/05\/union-will-eu-weites-verbrenner-verbot-kippen-bericht\/\" rel=\"nofollow noopener\">meios de comunica\u00e7\u00e3o alem\u00e3es<\/a>, diferentes atores da pol\u00edtica e da ind\u00fastria est\u00e3o a posicionar-se para preparar uma estrat\u00e9gia conjunta contra a proibi\u00e7\u00e3o europeia de 2035. E todos parecem estar convencidos de algo: a <strong>tecnologia h\u00edbrida plug-in deveria ser a principal aposta nesta transi\u00e7\u00e3o<\/strong>. Em suma, uma \u00ababertura tecnol\u00f3gica\u00bb.<\/p>\n<p>Os principais partidos pol\u00edticos j\u00e1 se posicionaram em maior ou menor grau. A alian\u00e7a conservadora CDU\/CSU pede abertamente a revoga\u00e7\u00e3o desta proibi\u00e7\u00e3o e o foco nos PHEV. Por sua vez, o partido social-democrata SPD est\u00e1 dividido quanto ao assunto, embora j\u00e1 uma importante fa\u00e7\u00e3o esteja aberta \u00e0 considera\u00e7\u00e3o das tecnologias h\u00edbridas, especialmente para as frotas da UE.<\/p>\n<blockquote>\n<p>A tecnologia el\u00e9trica \u00e9 a \u00fanica oportunidade real para a ind\u00fastria autom\u00f3vel alem\u00e3.<\/p>\n<\/blockquote>\n<p>Defendem a partir do SPD.<\/p>\n<p>Por sua vez, o l\u00edder da CSU, Markus S\u00f6der, foi mais categ\u00f3rico:<\/p>\n<blockquote>\n<p>Se n\u00e3o reagirmos rapidamente, centenas de milhares de empregos estar\u00e3o em risco. Devemos travar j\u00e1 a elimina\u00e7\u00e3o gradual dos motores de combust\u00e3o. Precisamos de abertura tecnol\u00f3gica. \u00c9 correto promover os ve\u00edculos el\u00e9tricos, mas seria um grave erro depender exclusivamente deles.<\/p>\n<\/blockquote>\n<p>A IG Metall, o maior sindicato industrial do metal da Alemanha e da Europa, bem como a <a target=\"_blank\" href=\"https:\/\/www.vda.de\/en\" rel=\"nofollow noopener\">Associa\u00e7\u00e3o Alem\u00e3 da Ind\u00fastria Autom\u00f3vel<\/a> (VDA), pedem tamb\u00e9m uma maior abertura tecnol\u00f3gica e uma abordagem mais ampla.<\/p>\n<p>Uma <strong>cimeira autom\u00f3vel dever\u00e1 realizar-se em breve na Alemanha<\/strong> para alcan\u00e7ar uma posi\u00e7\u00e3o comum a apresentar \u00e0 Europa.<\/p>\n<p><a target=\"_blank\" href=\"https:\/\/pplware.sapo.pt\/wp-content\/uploads\/2025\/09\/carros_alemanha02.jpg\" onclick=\"refreshIframe()\" class=\"foobox\" rel=\"nofollow noopener\"><img loading=\"lazy\" decoding=\"async\" src=\"https:\/\/www.europesays.com\/pt\/wp-content\/uploads\/2025\/09\/carros_alemanha02-720x405.jpg\" alt=\"\" width=\"720\" height=\"405\" class=\"aligncenter size-medium wp-image-1077133\"  \/><\/a><\/p>\n<p>Aten\u00e7\u00e3o ao 12 de setembro<\/p>\n<p>Outra reuni\u00e3o importante, e muito aguardada, dever\u00e1 ter lugar a 12 de setembro. Os fabricantes ir\u00e3o reunir-se com os dirigentes europeus no \u201cDi\u00e1logo estrat\u00e9gico\u201d sobre o futuro da ind\u00fastria autom\u00f3vel europeia.<\/p>\n<p>Um encontro que j\u00e1 foi \u201cpreparado\u201d pela ACEA, a associa\u00e7\u00e3o de fabricantes da regi\u00e3o. A sua carta enviada diretamente \u00e0 Presidente da Comiss\u00e3o foi muito expl\u00edcita e direta: <strong>pedem abertamente para derrubar a proibi\u00e7\u00e3o de 2035<\/strong>. Ola Kallenius, seu presidente e tamb\u00e9m CEO da Mercedes-Benz, assina o documento.<\/p>\n<blockquote>\n<p>Cumprir com os r\u00edgidos objetivos de CO2 para carros e carrinhas em 2030 e 2035 \u00e9, no mundo atual, simplesmente invi\u00e1vel. Os ve\u00edculos el\u00e9tricos liderar\u00e3o a mudan\u00e7a, mas tamb\u00e9m deve haver espa\u00e7o para os h\u00edbridos plug-in, os extensores de autonomia, os ve\u00edculos com motor de combust\u00e3o interna de alta efici\u00eancia, o hidrog\u00e9nio e os combust\u00edveis descarbonizados.<\/p>\n<\/blockquote>\n<p>O documento da ACEA vai mais longe e aponta para 12 de setembro:<\/p>\n<blockquote>\n<p>O pr\u00f3ximo Di\u00e1logo Estrat\u00e9gico \u00e9 o momento de mudar de rumo. \u00c9 a \u00faltima oportunidade da UE para ajustar as suas pol\u00edticas \u00e0s realidades atuais do mercado, geopol\u00edticas e econ\u00f3micas, ou corre o risco de p\u00f4r em perigo uma das suas ind\u00fastrias mais bem-sucedidas e competitivas a n\u00edvel mundial. A viagem exige mais pragmatismo e flexibilidade para manter em funcionamento o motor do setor autom\u00f3vel europeu.<\/p>\n<\/blockquote>\n<p>Portanto, vivemos um ponto decisivo: manter a estrat\u00e9gia firme ou dar dois passos atr\u00e1s. Mas aten\u00e7\u00e3o, esses dois passos n\u00e3o seriam um recuo, mas sim o impulso necess\u00e1rio para cumprir as metas.<\/p>\n<p>A quest\u00e3o que se imp\u00f5e: ceder\u00e1 a Europa \u00e0s press\u00f5es das marcas e dos dirigentes alem\u00e3es? Dentro de algumas semanas deveremos sair da d\u00favida.<\/p>\n","protected":false},"excerpt":{"rendered":"A ind\u00fastria autom\u00f3vel europeia est\u00e1 dividida quanto \u00e0 proibi\u00e7\u00e3o dos motores de combust\u00e3o em 2035. Na Alemanha, principal&hellip;\n","protected":false},"author":2,"featured_media":60362,"comment_status":"","ping_status":"","sticky":false,"template":"","format":"standard","meta":{"footnotes":""},"categories":[83],"tags":[1305,88,89,90,16987,32,33],"class_list":{"0":"post-60361","1":"post","2":"type-post","3":"status-publish","4":"format-standard","5":"has-post-thumbnail","7":"category-empresas","8":"tag-alemanha","9":"tag-business","10":"tag-economy","11":"tag-empresas","12":"tag-motores-de-combustao","13":"tag-portugal","14":"tag-pt"},"share_on_mastodon":{"url":"","error":""},"_links":{"self":[{"href":"https:\/\/www.europesays.com\/pt\/wp-json\/wp\/v2\/posts\/60361","targetHints":{"allow":["GET"]}}],"collection":[{"href":"https:\/\/www.europesays.com\/pt\/wp-json\/wp\/v2\/posts"}],"about":[{"href":"https:\/\/www.europesays.com\/pt\/wp-json\/wp\/v2\/types\/post"}],"author":[{"embeddable":true,"href":"https:\/\/www.europesays.com\/pt\/wp-json\/wp\/v2\/users\/2"}],"replies":[{"embeddable":true,"href":"https:\/\/www.europesays.com\/pt\/wp-json\/wp\/v2\/comments?post=60361"}],"version-history":[{"count":0,"href":"https:\/\/www.europesays.com\/pt\/wp-json\/wp\/v2\/posts\/60361\/revisions"}],"wp:featuredmedia":[{"embeddable":true,"href":"https:\/\/www.europesays.com\/pt\/wp-json\/wp\/v2\/media\/60362"}],"wp:attachment":[{"href":"https:\/\/www.europesays.com\/pt\/wp-json\/wp\/v2\/media?parent=60361"}],"wp:term":[{"taxonomy":"category","embeddable":true,"href":"https:\/\/www.europesays.com\/pt\/wp-json\/wp\/v2\/categories?post=60361"},{"taxonomy":"post_tag","embeddable":true,"href":"https:\/\/www.europesays.com\/pt\/wp-json\/wp\/v2\/tags?post=60361"}],"curies":[{"name":"wp","href":"https:\/\/api.w.org\/{rel}","templated":true}]}}