{"id":60380,"date":"2025-09-05T22:56:07","date_gmt":"2025-09-05T22:56:07","guid":{"rendered":"https:\/\/www.europesays.com\/pt\/60380\/"},"modified":"2025-09-05T22:56:07","modified_gmt":"2025-09-05T22:56:07","slug":"eua-pedem-a-mais-de-250-mil-venezuelanos-que-se-preparem-para-deixar-pais-em-novembro","status":"publish","type":"post","link":"https:\/\/www.europesays.com\/pt\/60380\/","title":{"rendered":"EUA pedem a mais de 250 mil venezuelanos que &#8220;se preparem&#8221; para deixar pa\u00eds em novembro"},"content":{"rendered":"<p>Isto, no caso de n\u00e3o terem outra base legal para permanecer nos Estados Unidos.<\/p>\n<p data-remotead-prev-elm=\"true\" data-remotead-elm-id=\"inread\">Com esta decis\u00e3o do Departamento de Seguran\u00e7a Interna (DHS), cerca de 267 mil venezuelanos cuja prote\u00e7\u00e3o expirava inicialmente a 10 de setembro, obtiveram mais uma tr\u00e9gua, gra\u00e7as ao prazo adicional definido pela norma, porque a lei exige que o Governo comunique com pelo menos 60 dias de anteced\u00eancia o fim do TPS, para que os benefici\u00e1rios tenham op\u00e7\u00f5es para n\u00e3o ficarem de forma irregular no territ\u00f3rio norte-americano.<\/p>\n<p>&#8220;Se \u00e9 estrangeiro e atualmente \u00e9 benefici\u00e1rio do TPS para a Venezuela sob a designa\u00e7\u00e3o de 2021, deve preparar-se para regressar \u00e0 Venezuela se n\u00e3o tiver outra base legal para permanecer nos Estados Unidos&#8221;, aconselhou hoje o Servi\u00e7o de Imigra\u00e7\u00e3o e Cidadania (USCIS, na sigla em ingl\u00eas) num comunicado.<\/p>\n<p data-remotead-prev-elm=\"true\" data-remotead-elm-id=\"centro1\">O Governo do presidente republicano, Donald Trump, convidou os cidad\u00e3os venezuelanos afetados com o fim do benef\u00edcio migrat\u00f3rio a usar a aplica\u00e7\u00e3o CBP Home se pretenderem abandonar os Estados Unidos.<\/p>\n<p>A esperan\u00e7a de ficar dos imigrantes est\u00e1 nas m\u00e3os de um juiz federal da Calif\u00f3rnia, que est\u00e1 a analisar um pedido apresentado por um grupo de venezuelanos afetados, e na Alian\u00e7a TPS, que alega que a retirada daquele estatuto de prote\u00e7\u00e3o aos imigrantes por parte do Governo Trump \u00e9 ilegal.<\/p>\n<p data-remotead-prev-elm=\"true\" data-remotead-elm-id=\"centro2\">A a\u00e7\u00e3o judicial visa proteger dois grupos de venezuelanos ao abrigo do TPS concedido pelo ex-presidente norte-americano, o democrata Joe Biden: cerca de 250.000 pessoas, em 2021, e os benefici\u00e1rios da prorroga\u00e7\u00e3o de 2023, cerca de 350.000.<\/p>\n","protected":false},"excerpt":{"rendered":"Isto, no caso de n\u00e3o terem outra base legal para permanecer nos Estados Unidos. Com esta decis\u00e3o do&hellip;\n","protected":false},"author":2,"featured_media":60381,"comment_status":"","ping_status":"","sticky":false,"template":"","format":"standard","meta":{"footnotes":""},"categories":[50],"tags":[27,28,15,16,14,25,26,21,22,62,12,13,19,20,23,24,17,18,29,30,31,63,64,65],"class_list":{"0":"post-60380","1":"post","2":"type-post","3":"status-publish","4":"format-standard","5":"has-post-thumbnail","7":"category-mundo","8":"tag-breaking-news","9":"tag-breakingnews","10":"tag-featured-news","11":"tag-featurednews","12":"tag-headlines","13":"tag-latest-news","14":"tag-latestnews","15":"tag-main-news","16":"tag-mainnews","17":"tag-mundo","18":"tag-news","19":"tag-noticias","20":"tag-noticias-principais","21":"tag-noticiasprincipais","22":"tag-principais-noticias","23":"tag-principaisnoticias","24":"tag-top-stories","25":"tag-topstories","26":"tag-ultimas","27":"tag-ultimas-noticias","28":"tag-ultimasnoticias","29":"tag-world","30":"tag-world-news","31":"tag-worldnews"},"share_on_mastodon":{"url":"","error":""},"_links":{"self":[{"href":"https:\/\/www.europesays.com\/pt\/wp-json\/wp\/v2\/posts\/60380","targetHints":{"allow":["GET"]}}],"collection":[{"href":"https:\/\/www.europesays.com\/pt\/wp-json\/wp\/v2\/posts"}],"about":[{"href":"https:\/\/www.europesays.com\/pt\/wp-json\/wp\/v2\/types\/post"}],"author":[{"embeddable":true,"href":"https:\/\/www.europesays.com\/pt\/wp-json\/wp\/v2\/users\/2"}],"replies":[{"embeddable":true,"href":"https:\/\/www.europesays.com\/pt\/wp-json\/wp\/v2\/comments?post=60380"}],"version-history":[{"count":0,"href":"https:\/\/www.europesays.com\/pt\/wp-json\/wp\/v2\/posts\/60380\/revisions"}],"wp:featuredmedia":[{"embeddable":true,"href":"https:\/\/www.europesays.com\/pt\/wp-json\/wp\/v2\/media\/60381"}],"wp:attachment":[{"href":"https:\/\/www.europesays.com\/pt\/wp-json\/wp\/v2\/media?parent=60380"}],"wp:term":[{"taxonomy":"category","embeddable":true,"href":"https:\/\/www.europesays.com\/pt\/wp-json\/wp\/v2\/categories?post=60380"},{"taxonomy":"post_tag","embeddable":true,"href":"https:\/\/www.europesays.com\/pt\/wp-json\/wp\/v2\/tags?post=60380"}],"curies":[{"name":"wp","href":"https:\/\/api.w.org\/{rel}","templated":true}]}}