{"id":60382,"date":"2025-09-05T22:57:15","date_gmt":"2025-09-05T22:57:15","guid":{"rendered":"https:\/\/www.europesays.com\/pt\/60382\/"},"modified":"2025-09-05T22:57:15","modified_gmt":"2025-09-05T22:57:15","slug":"gnr-desmantela-rede-de-mao-de-obra-ilegal-69-imigrantes-viviam-em-condicoes-precarias","status":"publish","type":"post","link":"https:\/\/www.europesays.com\/pt\/60382\/","title":{"rendered":"GNR desmantela rede de m\u00e3o de obra ilegal. 69 imigrantes viviam em condi\u00e7\u00f5es prec\u00e1rias"},"content":{"rendered":"<p>A GNR anunciou esta sexta-feira, 5 de setembro, ter desmantelado uma rede de angaria\u00e7\u00e3o de m\u00e3o-de-obra ilegal no concelho de Cadaval, na sequ\u00eancia de uma a\u00e7\u00e3o de fiscaliza\u00e7\u00e3o onde foi encontrado um grupo de 69 imigrantes, com idades entre os 16 e os 24 anos, a viver em condi\u00e7\u00f5es indignas.\u00a0<\/p>\n<p>A opera\u00e7\u00e3o, que contou tamb\u00e9m com o apoio da Seguran\u00e7a Social e da Autoridade para as Condi\u00e7\u00f5es do Trabalho, foi desencadeada devido a uma den\u00fancia que falava, precisamente, que v\u00e1rias pessoas viviam num armaz\u00e9m em condi\u00e7\u00f5es prec\u00e1rias e que eram utilizados como m\u00e3o de obra.<\/p>\n<p>Em comunicado, a GNR revela que identificou o propriet\u00e1rio do armaz\u00e9m, tendo sido alvo de um auto\u00a0de contraordena\u00e7\u00e3o por utilizar o trabalho de cidad\u00e3os estrangeiros em situa\u00e7\u00e3o ilegal, al\u00e9m de sete autos de contraordena\u00e7\u00e3o por perman\u00eancia ilegal em territ\u00f3rio nacional.<\/p>\n<p>Os factos foram transmitidos ao Tribunal Judicial de Alenquer.<\/p>\n","protected":false},"excerpt":{"rendered":"A GNR anunciou esta sexta-feira, 5 de setembro, ter desmantelado uma rede de angaria\u00e7\u00e3o de m\u00e3o-de-obra ilegal no&hellip;\n","protected":false},"author":2,"featured_media":60383,"comment_status":"","ping_status":"","sticky":false,"template":"","format":"standard","meta":{"footnotes":""},"categories":[10],"tags":[16991,27,28,16990,15,16,2002,14,16992,1865,25,26,21,22,12,13,19,20,32,23,24,33,17,18,29,30,31],"class_list":{"0":"post-60382","1":"post","2":"type-post","3":"status-publish","4":"format-standard","5":"has-post-thumbnail","7":"category-portugal","8":"tag-alenquer","9":"tag-breaking-news","10":"tag-breakingnews","11":"tag-cadaval","12":"tag-featured-news","13":"tag-featurednews","14":"tag-gnr","15":"tag-headlines","16":"tag-ilegais","17":"tag-imigrantes","18":"tag-latest-news","19":"tag-latestnews","20":"tag-main-news","21":"tag-mainnews","22":"tag-news","23":"tag-noticias","24":"tag-noticias-principais","25":"tag-noticiasprincipais","26":"tag-portugal","27":"tag-principais-noticias","28":"tag-principaisnoticias","29":"tag-pt","30":"tag-top-stories","31":"tag-topstories","32":"tag-ultimas","33":"tag-ultimas-noticias","34":"tag-ultimasnoticias"},"share_on_mastodon":{"url":"","error":""},"_links":{"self":[{"href":"https:\/\/www.europesays.com\/pt\/wp-json\/wp\/v2\/posts\/60382","targetHints":{"allow":["GET"]}}],"collection":[{"href":"https:\/\/www.europesays.com\/pt\/wp-json\/wp\/v2\/posts"}],"about":[{"href":"https:\/\/www.europesays.com\/pt\/wp-json\/wp\/v2\/types\/post"}],"author":[{"embeddable":true,"href":"https:\/\/www.europesays.com\/pt\/wp-json\/wp\/v2\/users\/2"}],"replies":[{"embeddable":true,"href":"https:\/\/www.europesays.com\/pt\/wp-json\/wp\/v2\/comments?post=60382"}],"version-history":[{"count":0,"href":"https:\/\/www.europesays.com\/pt\/wp-json\/wp\/v2\/posts\/60382\/revisions"}],"wp:featuredmedia":[{"embeddable":true,"href":"https:\/\/www.europesays.com\/pt\/wp-json\/wp\/v2\/media\/60383"}],"wp:attachment":[{"href":"https:\/\/www.europesays.com\/pt\/wp-json\/wp\/v2\/media?parent=60382"}],"wp:term":[{"taxonomy":"category","embeddable":true,"href":"https:\/\/www.europesays.com\/pt\/wp-json\/wp\/v2\/categories?post=60382"},{"taxonomy":"post_tag","embeddable":true,"href":"https:\/\/www.europesays.com\/pt\/wp-json\/wp\/v2\/tags?post=60382"}],"curies":[{"name":"wp","href":"https:\/\/api.w.org\/{rel}","templated":true}]}}