{"id":60420,"date":"2025-09-05T23:35:12","date_gmt":"2025-09-05T23:35:12","guid":{"rendered":"https:\/\/www.europesays.com\/pt\/60420\/"},"modified":"2025-09-05T23:35:12","modified_gmt":"2025-09-05T23:35:12","slug":"operacao-casa-limpa-visita-regiao-oeste-neste-sabado","status":"publish","type":"post","link":"https:\/\/www.europesays.com\/pt\/60420\/","title":{"rendered":"Opera\u00e7\u00e3o Casa Limpa visita regi\u00e3o oeste neste s\u00e1bado"},"content":{"rendered":"<p>&#13;<br \/>\n                <b>Lucas Brito<\/b><br \/>&#13;<br \/>\n                Sa\u00fade&#13;\n            <\/p>\n<p>Colaborou o estagi\u00e1rio V\u00edtor Burgatti<\/p>\n<p dir=\"ltr\">A zona oeste da cidade \u00e9 o foco da Opera\u00e7\u00e3o Casa Limpa deste s\u00e1bado (6), estrat\u00e9gia da Prefeitura de S\u00e3o Jos\u00e9 dos Campos no combate \u00e0 dengue.<\/p>\n<p dir=\"ltr\">Das 7h \u00e0s 12h, os moradores devem deixar em frente de casa os itens que possam servir de criadouros do mosquito Aedes aegypti, transmissor da doen\u00e7a, para que sejam recolhidos pelos caminh\u00f5es que v\u00e3o circular pelos bairros.<\/p>\n<p dir=\"ltr\">Ser\u00e3o visitados Jardim Aqu\u00e1rius, Jardim Colinas, Jardim Alvorada, Jardim Altos da Esplanada, Bosque Imperial, Residencial Sunset Parque e Parque Residencial Aqu\u00e1rius.<\/p>\n<p dir=\"ltr\">Entre os objetos coletados est\u00e3o latas, potes, pneus, garrafas, lonas, vasos sanit\u00e1rios, baldes, tambores, piscinas desmont\u00e1veis e quaisquer outros que acumulam \u00e1gua.<\/p>\n<p dir=\"ltr\">\u00c9 importante refor\u00e7ar que os restos de constru\u00e7\u00f5es, m\u00f3veis e madeiras n\u00e3o s\u00e3o retirados e devem ser entregues nos PEVs (Pontos de Entrega Volunt\u00e1ria).<\/p>\n<p dir=\"ltr\">No \u00faltimo s\u00e1bado (30), a regi\u00e3o norte recebeu a 32\u00aa edi\u00e7\u00e3o da opera\u00e7\u00e3o. Foram apanhados 460 quilos de materiais, somando mais de 28 toneladas em 2025 nas mobiliza\u00e7\u00f5es realizadas por todo o munic\u00edpio.<\/p>\n<p dir=\"ltr\">S\u00e3o Jos\u00e9 sem dengue<\/p>\n<p dir=\"ltr\">Com base nos dados da <a rel=\"noopener nofollow\" href=\"https:\/\/www.sjc.sp.gov.br\/noticias\/2025\/julho\/30\/prefeitura-reduz-focos-de-dengue-e-melhora-adl\/\" target=\"_blank\">Avalia\u00e7\u00e3o de Densidade Larv\u00e1ria (ADL)<\/a>, a Prefeitura avalia e ajusta as medidas adotadas, redirecionando a\u00e7\u00f5es conforme a necessidade de cada regi\u00e3o. Apesar da melhora geral e a <a rel=\"noopener nofollow\" href=\"https:\/\/www.sjc.sp.gov.br\/noticias\/2025\/junho\/30\/prefeitura-homenageia-servidores-e-reforca-combate-a-dengue\/\" target=\"_blank\">diminui\u00e7\u00e3o expressiva nos casos em compara\u00e7\u00e3o com o ano passado<\/a>, o enfrentamento \u00e0 dengue segue firme no munic\u00edpio.<\/p>\n<p dir=\"ltr\">A <a rel=\"noopener nofollow\" href=\"https:\/\/www.sjc.sp.gov.br\/servicos\/saude\/campanha-contra-a-dengue\/programacao\/\" target=\"_blank\">programa\u00e7\u00e3o<\/a> das execu\u00e7\u00f5es di\u00e1rias pode ser acompanhada pelo site oficial.<\/p>\n<p dir=\"ltr\">Com a aproxima\u00e7\u00e3o da primavera e o aumento das temperaturas, \u00e9 fundamental que os moradores mantenham os cuidados dentro de casa e sejam cordiais com os agentes, deixando-os entrar para avalia\u00e7\u00e3o dos quintais e ralos. Eles est\u00e3o atuando para garantir a sa\u00fade de todos. O registro dos funcion\u00e1rios est\u00e1 dispon\u00edvel on-line.<\/p>\n<p dir=\"ltr\">Confira <a rel=\"noopener nofollow\" href=\"https:\/\/www.sjc.sp.gov.br\/servicos\/saude\/campanha-contra-a-dengue\/dengue\/\" target=\"_blank\">orienta\u00e7\u00f5es<\/a> para eliminar criadouros e ao identificar qualquer poss\u00edvel foco do mosquito, entre em contato pela Central 156 (telefone, site e aplicativo).<\/p>\n<p>&#13;<br \/>\n                    <strong>MAIS NOT\u00cdCIAS<\/strong><br \/>&#13;<br \/>\n                    <a href=\"https:\/\/www.sjc.sp.gov.br\/noticias\/?tema=13\" rel=\"nofollow noopener\" target=\"_blank\">Sa\u00fade<\/a>&#13;\n                <\/p>\n","protected":false},"excerpt":{"rendered":"&#13; Lucas Brito&#13; Sa\u00fade&#13; Colaborou o estagi\u00e1rio V\u00edtor Burgatti A zona oeste da cidade \u00e9 o foco da&hellip;\n","protected":false},"author":2,"featured_media":60421,"comment_status":"","ping_status":"","sticky":false,"template":"","format":"standard","meta":{"footnotes":""},"categories":[86],"tags":[1300,116,3048,32,3046,33,3049,117,3047],"class_list":{"0":"post-60420","1":"post","2":"type-post","3":"status-publish","4":"format-standard","5":"has-post-thumbnail","7":"category-saude","8":"tag-cidade","9":"tag-health","10":"tag-online","11":"tag-portugal","12":"tag-prefeitura","13":"tag-pt","14":"tag-so-jos-dos-campos","15":"tag-saude","16":"tag-servios"},"share_on_mastodon":{"url":"","error":""},"_links":{"self":[{"href":"https:\/\/www.europesays.com\/pt\/wp-json\/wp\/v2\/posts\/60420","targetHints":{"allow":["GET"]}}],"collection":[{"href":"https:\/\/www.europesays.com\/pt\/wp-json\/wp\/v2\/posts"}],"about":[{"href":"https:\/\/www.europesays.com\/pt\/wp-json\/wp\/v2\/types\/post"}],"author":[{"embeddable":true,"href":"https:\/\/www.europesays.com\/pt\/wp-json\/wp\/v2\/users\/2"}],"replies":[{"embeddable":true,"href":"https:\/\/www.europesays.com\/pt\/wp-json\/wp\/v2\/comments?post=60420"}],"version-history":[{"count":0,"href":"https:\/\/www.europesays.com\/pt\/wp-json\/wp\/v2\/posts\/60420\/revisions"}],"wp:featuredmedia":[{"embeddable":true,"href":"https:\/\/www.europesays.com\/pt\/wp-json\/wp\/v2\/media\/60421"}],"wp:attachment":[{"href":"https:\/\/www.europesays.com\/pt\/wp-json\/wp\/v2\/media?parent=60420"}],"wp:term":[{"taxonomy":"category","embeddable":true,"href":"https:\/\/www.europesays.com\/pt\/wp-json\/wp\/v2\/categories?post=60420"},{"taxonomy":"post_tag","embeddable":true,"href":"https:\/\/www.europesays.com\/pt\/wp-json\/wp\/v2\/tags?post=60420"}],"curies":[{"name":"wp","href":"https:\/\/api.w.org\/{rel}","templated":true}]}}