{"id":60557,"date":"2025-09-06T02:49:11","date_gmt":"2025-09-06T02:49:11","guid":{"rendered":"https:\/\/www.europesays.com\/pt\/60557\/"},"modified":"2025-09-06T02:49:11","modified_gmt":"2025-09-06T02:49:11","slug":"o-recuo-de-alexandre-correa-apos-ser-condenado-por-difamar-edu-guedes","status":"publish","type":"post","link":"https:\/\/www.europesays.com\/pt\/60557\/","title":{"rendered":"O recuo de Alexandre Correa ap\u00f3s ser condenado por difamar Edu Guedes"},"content":{"rendered":"<p>Alexandre Correa recuou ap\u00f3s ter um recurso negado pela Justi\u00e7a e ser condenado a pagar R$ 60 mil para Edu Guedes em uma a\u00e7\u00e3o sobre difama\u00e7\u00e3o. Com a decis\u00e3o recente das autoridades, o advogado do empres\u00e1rio afirmou que ele nunca quis macular a honra de outras pessoas.<\/p>\n<p>As atualiza\u00e7\u00f5es do caso foram divulgadas pelo portal Leo Dias. Em junho, na esfera criminal, <a href=\"https:\/\/natelinha.uol.com.br\/famosos\/2025\/06\/12\/ex-de-ana-hickmann-alexandre-correa-e-condenado-a-3-anos-de-prisao-por-difamar-edu-guedes-227351.php\" rel=\"nofollow noopener\" target=\"_blank\">o ex-marido de Ana Hickmann foi sentenciado \u00e0 pris\u00e3o pelas acusa\u00e7\u00f5es difamat\u00f3rias contra o chef de cozinha<\/a>. Isso porque a Justi\u00e7a entendeu que ele &#8220;extrapolou os limites da liberdade de express\u00e3o e de opini\u00e3o, imputando a Guedes a pr\u00e1tica de atos criminosos&#8221;.<\/p>\n<p>+\u00a0<a href=\"https:\/\/natelinha.uol.com.br\/famosos\/2025\/09\/05\/filha-de-raul-gil-volta-a-falar-de-briga-familiar-em-meio-a-internacao-do-pai-230925.php\" rel=\"nofollow noopener\" target=\"_blank\">Filha de Raul Gil volta a falar de briga familiar em meio \u00e0 interna\u00e7\u00e3o do pai<\/a><\/p>\n<p>continua depois da publicidade<\/p>\n<p>+\u00a0<a href=\"https:\/\/natelinha.uol.com.br\/famosos\/2025\/09\/05\/raul-gil-segue-internado-informa-novo-boletim-medico-230926.php\" rel=\"nofollow noopener\" target=\"_blank\">Raul Gil segue internado, informa novo boletim m\u00e9dico<\/a><\/p>\n<p>Quando recebeu a condena\u00e7\u00e3o de tr\u00eas anos de pris\u00e3o, <a href=\"https:\/\/natelinha.uol.com.br\/famosos\/tudo-sobre\/alexandre-correa\" rel=\"nofollow noopener\" target=\"_blank\">Alexandre\u00a0Correa<\/a>\u00a0recorreu \u00e0 Justi\u00e7a e foi absolvido. No entanto, <a href=\"https:\/\/natelinha.uol.com.br\/famosos\/tudo-sobre\/edu-guedes\" rel=\"nofollow noopener\" target=\"_blank\">Edu Guedes<\/a> questionou a decis\u00e3o e o pai de Alezinho levou a pior novamente.<\/p>\n<p>O que disse a defesa de Alexandre Correa<\/p>\n<p><img decoding=\"async\" loading=\"lazy\" class=\"horizontal\" src=\"https:\/\/www.europesays.com\/pt\/wp-content\/uploads\/2025\/09\/h2-o-recuo-de-alexandre-correa-apos-ser-condenado-a-indenizar-edu-guedes_9695.jpeg\" alt=\"Alexandre Correa de camisa azul falando para a c\u00e2mera alegremente\" width=\"1240\" height=\"719\"\/><\/p>\n<p>Com a nova condena\u00e7\u00e3o, o advogado de Alexandre Correa se pronunciou: &#8220;A defesa do Sr. Alexandre Corr\u00eaa manifesta profunda inconformidade com a decis\u00e3o proferida, que consideramos desproporcional e desprovida de base jur\u00eddica s\u00f3lida. Ressaltamos que em nenhum momento houve a inten\u00e7\u00e3o de macular a honra de terceiros, mas sim o exerc\u00edcio leg\u00edtimo da liberdade de express\u00e3o, direito fundamental garantido pela Constitui\u00e7\u00e3o Federal&#8221;.<\/p>\n<p>continua depois da publicidade<\/p>\n<p>&#8220;A senten\u00e7a, ao nosso ver, representa um grave equ\u00edvoco jur\u00eddico e j\u00e1 est\u00e1 sendo objeto de recurso, com absoluta confian\u00e7a de que ser\u00e1 reformada pelas inst\u00e2ncias superiores. Confiamos que a Justi\u00e7a prevalecer\u00e1, afastando condena\u00e7\u00f5es que n\u00e3o se sustentam em provas robustas e concretas. Reafirmamos que Alexandre Corr\u00eaa continua \u00e0 disposi\u00e7\u00e3o para prestar todos os esclarecimentos necess\u00e1rios e reiteramos nossa confian\u00e7a no devido processo legal e no reconhecimento da verdade&#8221;, seguiu a nota.<\/p>\n","protected":false},"excerpt":{"rendered":"Alexandre Correa recuou ap\u00f3s ter um recurso negado pela Justi\u00e7a e ser condenado a pagar R$ 60 mil&hellip;\n","protected":false},"author":2,"featured_media":60558,"comment_status":"","ping_status":"","sticky":false,"template":"","format":"standard","meta":{"footnotes":""},"categories":[145],"tags":[14934,211,210,6497,114,115,32,33],"class_list":{"0":"post-60557","1":"post","2":"type-post","3":"status-publish","4":"format-standard","5":"has-post-thumbnail","7":"category-celebridades","8":"tag-alexandre-correa","9":"tag-celebridades","10":"tag-celebrities","11":"tag-edu-guedes","12":"tag-entertainment","13":"tag-entretenimento","14":"tag-portugal","15":"tag-pt"},"share_on_mastodon":{"url":"","error":""},"_links":{"self":[{"href":"https:\/\/www.europesays.com\/pt\/wp-json\/wp\/v2\/posts\/60557","targetHints":{"allow":["GET"]}}],"collection":[{"href":"https:\/\/www.europesays.com\/pt\/wp-json\/wp\/v2\/posts"}],"about":[{"href":"https:\/\/www.europesays.com\/pt\/wp-json\/wp\/v2\/types\/post"}],"author":[{"embeddable":true,"href":"https:\/\/www.europesays.com\/pt\/wp-json\/wp\/v2\/users\/2"}],"replies":[{"embeddable":true,"href":"https:\/\/www.europesays.com\/pt\/wp-json\/wp\/v2\/comments?post=60557"}],"version-history":[{"count":0,"href":"https:\/\/www.europesays.com\/pt\/wp-json\/wp\/v2\/posts\/60557\/revisions"}],"wp:featuredmedia":[{"embeddable":true,"href":"https:\/\/www.europesays.com\/pt\/wp-json\/wp\/v2\/media\/60558"}],"wp:attachment":[{"href":"https:\/\/www.europesays.com\/pt\/wp-json\/wp\/v2\/media?parent=60557"}],"wp:term":[{"taxonomy":"category","embeddable":true,"href":"https:\/\/www.europesays.com\/pt\/wp-json\/wp\/v2\/categories?post=60557"},{"taxonomy":"post_tag","embeddable":true,"href":"https:\/\/www.europesays.com\/pt\/wp-json\/wp\/v2\/tags?post=60557"}],"curies":[{"name":"wp","href":"https:\/\/api.w.org\/{rel}","templated":true}]}}