{"id":60582,"date":"2025-09-06T03:27:23","date_gmt":"2025-09-06T03:27:23","guid":{"rendered":"https:\/\/www.europesays.com\/pt\/60582\/"},"modified":"2025-09-06T03:27:23","modified_gmt":"2025-09-06T03:27:23","slug":"demissao-do-presidente-da-carris-carlos-moedas-nao-responde-sobre-se-mantem-confianca-em-pedro-brito-bogas","status":"publish","type":"post","link":"https:\/\/www.europesays.com\/pt\/60582\/","title":{"rendered":"Demiss\u00e3o do presidente da Carris? Carlos Moedas n\u00e3o responde sobre se mant\u00e9m confian\u00e7a em Pedro Brito Bogas"},"content":{"rendered":"<p>&#13;<br \/>\nA meio da semana, na quarta-feira, o Elevador da Gl\u00f3ria descarrilou na cal\u00e7ada e transformou-se num monte de destro\u00e7os, resultando o acidente num total de 16 mortos e cinco feridos graves, balan\u00e7o que toca uma dezena de nacionalidades, j\u00e1 que muitas das v\u00edtimas eram turistas estrangeiros.&#13;\n<\/p>\n<p>&#13;<br \/>\nOuvido logo no dia do acidente, ao in\u00edcio da noite, o presidente da Carris, Pedro Brito Bogas, assentou as suas declara\u00e7\u00f5es numa tese: a manuten\u00e7\u00e3o do Elevador da Gl\u00f3ria decorreu da forma correcta, como deveria decorrer, sendo cumpridos &#8220;todos os protocolos&#8221;.&#13;\n<\/p>\n<p>&#13;<br \/>\nOntem, em confer\u00eancia de imprensa, o presidente da Carris voltaria a garantir que as &#8220;as inspe\u00e7\u00f5es peri\u00f3dicas&#8221; se mantiveram &#8220;sem qualquer falha&#8221;, repetindo que a &#8220;seguran\u00e7a \u00e9 uma prioridade&#8221; na empresa. Para al\u00e9m do maior investimento dos \u00faltimos anos, a lideran\u00e7a da Carris falou em opera\u00e7\u00f5es de manuten\u00e7\u00e3o &#8220;foram bem efetuadas&#8221;.&#13;\n<\/p>\n<p>&#13;<br \/>\nRejeitando qualquer inten\u00e7\u00e3o de poupar na manuten\u00e7\u00e3o das estruturas que gere, o presidente do Conselho de Administra\u00e7\u00e3o da empresa garantiu que os custos com estes servi\u00e7os t\u00eam aumentado de forma significativa. Manteve ainda total confian\u00e7a na empresa que faz estes servi\u00e7os desde 2019. Pedro Brito Bogas anunciou ainda a abertura de um inqu\u00e9rito para apurar as causas do acidente da Gl\u00f3ria, mas sem em qualquer momento assumir qualquer responsabilidade.&#13;\n<\/p>\n<p>&#13;<br \/>\n<b>&#13;<br \/>\nMoedas questionado sobre confian\u00e7a no presidente da Carris&#13;<br \/>\n<\/b>&#13;\n<\/p>\n<p>&#13;<br \/>\n<br \/>&#13;<br \/>\nA RTP questionou o presidente da C\u00e2mara de Lisboa sobre o presidente da Carris, empresa sob tutela da c\u00e2mara, em particular se mantinha a confian\u00e7a no l\u00edder da empresa respons\u00e1vel, entre outros servi\u00e7os, por aparelhos da capital como o Elevador da Gl\u00f3ria.&#13;\n<\/p>\n<p>&#13;<br \/>\nA quest\u00e3o da RTP ficou sem resposta, com a indica\u00e7\u00e3o do gabinete de Carlos Moedas que nada mais seria adiantada.&#13;\n<\/p>\n<p>&#13;<br \/>\nA quest\u00e3o era a seguinte: &#8220;Senhor presidente, depois do acidente com o Elevador da Gl\u00f3ria, que at\u00e9 ao momento fez 16 mortos e muitos outros feridos graves, n\u00e3o \u00e9 conhecida da sua parte qualquer inten\u00e7\u00e3o de demitir o presidente da Carris. Nesse sentido, quer dizer que mant\u00e9m a sua confian\u00e7a em Pedro Brito Bogas e que vai mant\u00ea-lo no cargo \u00e0 frente da empresa?&#8221;.&#13;\n<\/p>\n<p>&#13;<br \/>\nEm 2021, Carlos Moedas pedia consequ\u00eancias pol\u00edticas na quest\u00e3o dos dados de ativistas residentes em Portugal fornecidos \u00e0 R\u00fassia e exigia de imediato a demiss\u00e3o de Fernando Medina.&#13;<\/p>\n","protected":false},"excerpt":{"rendered":"&#13; A meio da semana, na quarta-feira, o Elevador da Gl\u00f3ria descarrilou na cal\u00e7ada e transformou-se num monte&hellip;\n","protected":false},"author":2,"featured_media":60583,"comment_status":"","ping_status":"","sticky":false,"template":"","format":"standard","meta":{"footnotes":""},"categories":[83],"tags":[88,89,90,13,32,33,420,421],"class_list":{"0":"post-60582","1":"post","2":"type-post","3":"status-publish","4":"format-standard","5":"has-post-thumbnail","7":"category-empresas","8":"tag-business","9":"tag-economy","10":"tag-empresas","11":"tag-noticias","12":"tag-portugal","13":"tag-pt","14":"tag-rtp","15":"tag-rtp-noticias"},"share_on_mastodon":{"url":"","error":""},"_links":{"self":[{"href":"https:\/\/www.europesays.com\/pt\/wp-json\/wp\/v2\/posts\/60582","targetHints":{"allow":["GET"]}}],"collection":[{"href":"https:\/\/www.europesays.com\/pt\/wp-json\/wp\/v2\/posts"}],"about":[{"href":"https:\/\/www.europesays.com\/pt\/wp-json\/wp\/v2\/types\/post"}],"author":[{"embeddable":true,"href":"https:\/\/www.europesays.com\/pt\/wp-json\/wp\/v2\/users\/2"}],"replies":[{"embeddable":true,"href":"https:\/\/www.europesays.com\/pt\/wp-json\/wp\/v2\/comments?post=60582"}],"version-history":[{"count":0,"href":"https:\/\/www.europesays.com\/pt\/wp-json\/wp\/v2\/posts\/60582\/revisions"}],"wp:featuredmedia":[{"embeddable":true,"href":"https:\/\/www.europesays.com\/pt\/wp-json\/wp\/v2\/media\/60583"}],"wp:attachment":[{"href":"https:\/\/www.europesays.com\/pt\/wp-json\/wp\/v2\/media?parent=60582"}],"wp:term":[{"taxonomy":"category","embeddable":true,"href":"https:\/\/www.europesays.com\/pt\/wp-json\/wp\/v2\/categories?post=60582"},{"taxonomy":"post_tag","embeddable":true,"href":"https:\/\/www.europesays.com\/pt\/wp-json\/wp\/v2\/tags?post=60582"}],"curies":[{"name":"wp","href":"https:\/\/api.w.org\/{rel}","templated":true}]}}