{"id":60614,"date":"2025-09-06T04:29:14","date_gmt":"2025-09-06T04:29:14","guid":{"rendered":"https:\/\/www.europesays.com\/pt\/60614\/"},"modified":"2025-09-06T04:29:14","modified_gmt":"2025-09-06T04:29:14","slug":"voce-e-feliz-com-a-vida-que-tem-livro-de-ficcao-levanta-reflexao-sobre-o-peso-de-cada-decisao","status":"publish","type":"post","link":"https:\/\/www.europesays.com\/pt\/60614\/","title":{"rendered":"Voc\u00ea \u00e9 feliz com a vida que tem? Livro de fic\u00e7\u00e3o levanta reflex\u00e3o sobre o peso de cada decis\u00e3o"},"content":{"rendered":"<p><img fetchpriority=\"high\" decoding=\"async\" class=\"w-fit lg:w-full\" loading=\"eager\" src=\"https:\/\/www.europesays.com\/pt\/wp-content\/uploads\/2025\/09\/5398173_74357f960dcd8ab.jpg\" title=\"Agencia RBS \/ Reprodu\u00e7\u00e3o\" alt=\"Agencia RBS \/ Reprodu\u00e7\u00e3o\" width=\"700\" height=\"477\"\/>Gabriel Salazar indica &#8220;Mat\u00e9ria Escura&#8221;, de Blake Crouch.Agencia RBS \/ Reprodu\u00e7\u00e3o<\/p>\n<p>Voc\u00ea \u00e9 feliz com a vida que tem? Essa \u00e9 uma das perguntas que norteiam o livro <strong>Mat\u00e9ria Escura<\/strong>, do escritor norte-americano Blake Crouch. O <strong>suspense cient\u00edfico<\/strong> conta a hist\u00f3ria de um professor universit\u00e1rio nos Estados Unidos que se v\u00ea preso em <strong>busca da normalidade<\/strong> que um dia j\u00e1 o entediou.<\/p>\n<p>Toda semana, um jornalista do Grupo RBS ir\u00e1 compartilhar na se\u00e7\u00e3o <a href=\"https:\/\/gauchazh.clicrbs.com.br\/ultimas-noticias\/tag\/o-que-estou-lendo\/\" rel=\"nofollow noopener\" target=\"_blank\"><strong>O que Estou Lendo<\/strong><\/a> a sua paix\u00e3o por livros por meio de dicas do que est\u00e3o lendo no momento.<\/p>\n<p>Jason Dessen tem uma <strong>vida exemplar<\/strong>: leciona f\u00edsica qu\u00e2ntica, tem uma esposa que o ama e um filho divertido. Ainda assim, \u00e0s vezes ele se pega pensando sobre o <strong>qu\u00e3o diferentes<\/strong> suas escolhas poderiam ter sido.<\/p>\n<p>A rotina tranquila de Jason explode quando ele \u00e9 <strong>sequestrado <\/strong>e acorda em um lugar que lhe parece comum, mas as pessoas est\u00e3o agindo de forma diferente. O professor come\u00e7a a <strong>questionar a pr\u00f3pria sanidade <\/strong>enquanto tenta entender o que aconteceu com o homem que o sequestrou.<\/p>\n<p>Mais de O Que Estou Lendo<\/p>\n<p>Blake Crouch traz uma <strong>escrita cativante<\/strong> em Mat\u00e9ria Escura. Com as lutas pela verdade e as teorias cient\u00edficas que formula, Jason \u00e9 um <strong>protagonista extremamente humano<\/strong> \u2014 \u00e9 f\u00e1cil sentir raiva, d\u00f3 e alegria das situa\u00e7\u00f5es pelas quais ele passa.<\/p>\n<p>O livro conduz os leitores a questionarem suas pr\u00f3prias vidas. Como cada decis\u00e3o tomada pode mudar toda a realidade em que vive? Mat\u00e9ria Escura deixa um <strong>sentimento agridoce<\/strong>, de contentamento com o que se tem somado \u00e0 d\u00favida do que poderia ter sido.<\/p>\n<p><img decoding=\"async\" class=\"w-fit lg:w-full\" loading=\"eager\" src=\"https:\/\/www.europesays.com\/pt\/wp-content\/uploads\/2025\/09\/5397555_df9f8a6f0179fe5.jpg\" title=\"Reprodu\u00e7\u00e3o \/ Divulga\u00e7\u00e3o\" alt=\"Reprodu\u00e7\u00e3o \/ Divulga\u00e7\u00e3o\" width=\"700\" height=\"477\"\/>Capa do livro &#8220;Mat\u00e9ria Escura&#8221;, de Blake Crouch.Reprodu\u00e7\u00e3o \/ Divulga\u00e7\u00e3o<\/p>\n<p><strong>&#8220;Mat\u00e9ria Escura&#8221;, de <\/strong>Blake Crouch<\/p>\n<ul>\n<li class=\"unordered-list-item\">Intr\u00ednseca, 352 p\u00e1ginas, R$ 69,90 (livro f\u00edsico) ou R$ 46,90 (e-book)<\/li>\n<li class=\"unordered-list-item\">Tradu\u00e7\u00e3o de Alexandre Raposo<\/li>\n<\/ul>\n","protected":false},"excerpt":{"rendered":"Gabriel Salazar indica &#8220;Mat\u00e9ria Escura&#8221;, de Blake Crouch.Agencia RBS \/ Reprodu\u00e7\u00e3o Voc\u00ea \u00e9 feliz com a vida que&hellip;\n","protected":false},"author":2,"featured_media":60615,"comment_status":"","ping_status":"","sticky":false,"template":"","format":"standard","meta":{"footnotes":""},"categories":[143],"tags":[169,7324,114,115,692,170,691,32,33,578],"class_list":{"0":"post-60614","1":"post","2":"type-post","3":"status-publish","4":"format-standard","5":"has-post-thumbnail","7":"category-livros","8":"tag-books","9":"tag-divirta-se","10":"tag-entertainment","11":"tag-entretenimento","12":"tag-instagramgzh","13":"tag-livros","14":"tag-o-que-estou-lendo","15":"tag-portugal","16":"tag-pt","17":"tag-video"},"share_on_mastodon":{"url":"","error":""},"_links":{"self":[{"href":"https:\/\/www.europesays.com\/pt\/wp-json\/wp\/v2\/posts\/60614","targetHints":{"allow":["GET"]}}],"collection":[{"href":"https:\/\/www.europesays.com\/pt\/wp-json\/wp\/v2\/posts"}],"about":[{"href":"https:\/\/www.europesays.com\/pt\/wp-json\/wp\/v2\/types\/post"}],"author":[{"embeddable":true,"href":"https:\/\/www.europesays.com\/pt\/wp-json\/wp\/v2\/users\/2"}],"replies":[{"embeddable":true,"href":"https:\/\/www.europesays.com\/pt\/wp-json\/wp\/v2\/comments?post=60614"}],"version-history":[{"count":0,"href":"https:\/\/www.europesays.com\/pt\/wp-json\/wp\/v2\/posts\/60614\/revisions"}],"wp:featuredmedia":[{"embeddable":true,"href":"https:\/\/www.europesays.com\/pt\/wp-json\/wp\/v2\/media\/60615"}],"wp:attachment":[{"href":"https:\/\/www.europesays.com\/pt\/wp-json\/wp\/v2\/media?parent=60614"}],"wp:term":[{"taxonomy":"category","embeddable":true,"href":"https:\/\/www.europesays.com\/pt\/wp-json\/wp\/v2\/categories?post=60614"},{"taxonomy":"post_tag","embeddable":true,"href":"https:\/\/www.europesays.com\/pt\/wp-json\/wp\/v2\/tags?post=60614"}],"curies":[{"name":"wp","href":"https:\/\/api.w.org\/{rel}","templated":true}]}}