{"id":60678,"date":"2025-09-06T07:03:08","date_gmt":"2025-09-06T07:03:08","guid":{"rendered":"https:\/\/www.europesays.com\/pt\/60678\/"},"modified":"2025-09-06T07:03:08","modified_gmt":"2025-09-06T07:03:08","slug":"quase-500-detidos-observador","status":"publish","type":"post","link":"https:\/\/www.europesays.com\/pt\/60678\/","title":{"rendered":"quase 500 detidos \u2013 Observador"},"content":{"rendered":"<p>Pelo menos 475 pessoas foram detidas esta quinta-feira pelas autoridades de imigra\u00e7\u00e3o norte-americanas (ICE, na sigla em ingl\u00eas), durante uma rusga numa f\u00e1brica de produ\u00e7\u00e3o de baterias el\u00e9tricas da Hyundai no estado da Ge\u00f3rgia, nos EUA, noticia a imprensa norte-americana.<\/p>\n<p><a href=\"https:\/\/www.nytimes.com\/2025\/09\/05\/us\/georgia-battery-plant-hyundai-lg-ice-raid.html\" rel=\"nofollow noopener\" target=\"_blank\">De acordo com o jornal The New York Times<\/a>, a maioria dos detidos s\u00e3o de nacionalidade sul-coreana, que \u00e9 tamb\u00e9m a nacionalidade da construtora autom\u00f3vel a que se destinam as baterias produzidas no local pela fabricante LG Energy Solution.<\/p>\n<p>A rusga aconteceu numa f\u00e1brica situada na zona de Ellabell, nos arredores da cidade de Savannah, durante o hor\u00e1rio de trabalho, e visou trabalhadores que se encontravam ilegalmente no pa\u00eds. \u201cEsta opera\u00e7\u00e3o sublinha o nosso compromisso com a prote\u00e7\u00e3o dos empregos para as pessoas do estado da Ge\u00f3rgia e para os norte-americanos\u201d, disse o agente Steven Schrank, respons\u00e1vel pela opera\u00e7\u00e3o, numa confer\u00eancia de imprensa em que tamb\u00e9m descreveu a rusga como a maior opera\u00e7\u00e3o de sempre numa \u00fanica localiza\u00e7\u00e3o.<\/p>\n<blockquote class=\"wp-embedded-content\" data-secret=\"42hrnlzjgk\">\n<p><a href=\"https:\/\/observador.pt\/especiais\/como-e-que-donald-trump-quer-deportar-milhoes-e-milhoes-o-passo-a-passo-da-detencao-e-deportacao-de-um-imigrante-nos-estados-unidos\/\" rel=\"nofollow noopener\" target=\"_blank\">O passo a passo da deporta\u00e7\u00e3o de imigrantes por Trump. Algemados nas m\u00e3os e p\u00e9s e com uma corrente na barriga<\/a><\/p>\n<\/blockquote>\n<p>Schrank assinalou ainda que o objetivo da opera\u00e7\u00e3o foi garantir a livre concorr\u00eancia entre empresas na economia norte-americana e \u201cproteger os trabalhadores da explora\u00e7\u00e3o\u201d. O respons\u00e1vel reconheceu que num primeiro instante foram detidos alguns cidad\u00e3os norte-americanos e alguns residentes com situa\u00e7\u00e3o legal, que foram libertados.<\/p>\n<p>As autoridades ainda n\u00e3o formalizaram quaisquer acusa\u00e7\u00f5es contra os trabalhadores detidos, estando neste momento a decorrer a investiga\u00e7\u00e3o sobre a situa\u00e7\u00e3o contratual de cada um.<\/p>\n<p>A Hyundai reagiu em comunicado afirmando que, pela informa\u00e7\u00e3o dispon\u00edvel at\u00e9 ao momento, nenhum dos trabalhadores era funcion\u00e1rio da Hyundai. Ser\u00e3o trabalhadores subcontratados ou funcion\u00e1rios da LG Energy Solution. \u201cEstamos a monitorizar de perto a situa\u00e7\u00e3o e a trabalhar para compreender as circunst\u00e2ncias espec\u00edficas\u201d, afirmou a empresa sul-coreana.<\/p>\n<blockquote class=\"wp-embedded-content\" data-secret=\"E5tvKrrnYw\">\n<p><a href=\"https:\/\/observador.pt\/especiais\/uma-lei-para-um-pais-em-guerra-e-outra-que-desafia-a-liberdade-de-expressao-as-leis-polemicas-que-trump-utiliza-para-as-deportacoes\/\" rel=\"nofollow noopener\" target=\"_blank\">Uma lei para um pa\u00eds em guerra e outra que desafia a liberdade de express\u00e3o. As leis pol\u00e9micas que Trump utiliza para as deporta\u00e7\u00f5es<\/a><\/p>\n<\/blockquote>\n<p>Tamb\u00e9m o Minist\u00e9rio dos Neg\u00f3cios Estrangeiros da Coreia do Sul confirmou esta sexta-feira que h\u00e1 sul-coreanos entre os detidos, mas n\u00e3o explicou quantos. Como explica ainda o The New York Times, esta opera\u00e7\u00e3o, que se enquadra nos <a href=\"https:\/\/observador.pt\/especiais\/uma-lei-para-um-pais-em-guerra-e-outra-que-desafia-a-liberdade-de-expressao-as-leis-polemicas-que-trump-utiliza-para-as-deportacoes\/\" rel=\"nofollow noopener\" target=\"_blank\">esfor\u00e7os do governo<\/a> de Donald Trump para <a href=\"https:\/\/observador.pt\/especiais\/como-e-que-donald-trump-quer-deportar-milhoes-e-milhoes-o-passo-a-passo-da-detencao-e-deportacao-de-um-imigrante-nos-estados-unidos\/\" rel=\"nofollow noopener\" target=\"_blank\">perseguir duramente a imigra\u00e7\u00e3o ilegal<\/a>, arrisca causar um problema diplom\u00e1tico com Seul: recentemente, o Presidente sul-coreano, Lee Jae Myung, esteve na Casa Branca com Donald Trump e anunciou o investimento de mais 150 mil milh\u00f5es de d\u00f3lares na economia norte-americana,\u00a0incluindo no fabrico de baterias.<\/p>\n<p>\u201cAs atividades econ\u00f3micas das nossas empresas de investimento e os direitos e interesses dos nossos cidad\u00e3os n\u00e3o podem ser injustamente violados durante a atua\u00e7\u00e3o das autoridades norte-americanas\u201d, afirmou um porta-voz do Minist\u00e9rio dos Neg\u00f3cios Estrangeiros sul-coreano.<\/p>\n","protected":false},"excerpt":{"rendered":"Pelo menos 475 pessoas foram detidas esta quinta-feira pelas autoridades de imigra\u00e7\u00e3o norte-americanas (ICE, na sigla em ingl\u00eas),&hellip;\n","protected":false},"author":2,"featured_media":60679,"comment_status":"","ping_status":"","sticky":false,"template":"","format":"standard","meta":{"footnotes":""},"categories":[50],"tags":[624,27,28,623,15,16,14,297,25,26,21,22,62,12,13,19,20,23,24,17,18,29,30,31,63,64,65],"class_list":{"0":"post-60678","1":"post","2":"type-post","3":"status-publish","4":"format-standard","5":"has-post-thumbnail","7":"category-mundo","8":"tag-amu00e9rica","9":"tag-breaking-news","10":"tag-breakingnews","11":"tag-estados-unidos-da-amu00e9rica","12":"tag-featured-news","13":"tag-featurednews","14":"tag-headlines","15":"tag-imigrau00e7u00e3o","16":"tag-latest-news","17":"tag-latestnews","18":"tag-main-news","19":"tag-mainnews","20":"tag-mundo","21":"tag-news","22":"tag-noticias","23":"tag-noticias-principais","24":"tag-noticiasprincipais","25":"tag-principais-noticias","26":"tag-principaisnoticias","27":"tag-top-stories","28":"tag-topstories","29":"tag-ultimas","30":"tag-ultimas-noticias","31":"tag-ultimasnoticias","32":"tag-world","33":"tag-world-news","34":"tag-worldnews"},"share_on_mastodon":{"url":"","error":""},"_links":{"self":[{"href":"https:\/\/www.europesays.com\/pt\/wp-json\/wp\/v2\/posts\/60678","targetHints":{"allow":["GET"]}}],"collection":[{"href":"https:\/\/www.europesays.com\/pt\/wp-json\/wp\/v2\/posts"}],"about":[{"href":"https:\/\/www.europesays.com\/pt\/wp-json\/wp\/v2\/types\/post"}],"author":[{"embeddable":true,"href":"https:\/\/www.europesays.com\/pt\/wp-json\/wp\/v2\/users\/2"}],"replies":[{"embeddable":true,"href":"https:\/\/www.europesays.com\/pt\/wp-json\/wp\/v2\/comments?post=60678"}],"version-history":[{"count":0,"href":"https:\/\/www.europesays.com\/pt\/wp-json\/wp\/v2\/posts\/60678\/revisions"}],"wp:featuredmedia":[{"embeddable":true,"href":"https:\/\/www.europesays.com\/pt\/wp-json\/wp\/v2\/media\/60679"}],"wp:attachment":[{"href":"https:\/\/www.europesays.com\/pt\/wp-json\/wp\/v2\/media?parent=60678"}],"wp:term":[{"taxonomy":"category","embeddable":true,"href":"https:\/\/www.europesays.com\/pt\/wp-json\/wp\/v2\/categories?post=60678"},{"taxonomy":"post_tag","embeddable":true,"href":"https:\/\/www.europesays.com\/pt\/wp-json\/wp\/v2\/tags?post=60678"}],"curies":[{"name":"wp","href":"https:\/\/api.w.org\/{rel}","templated":true}]}}