{"id":6075,"date":"2025-07-28T21:51:34","date_gmt":"2025-07-28T21:51:34","guid":{"rendered":"https:\/\/www.europesays.com\/pt\/6075\/"},"modified":"2025-07-28T21:51:34","modified_gmt":"2025-07-28T21:51:34","slug":"suspeito-de-falso-alarme-de-bomba-em-aviao-da-sata-proibido-de-frequentar-aeroportos-nacionais","status":"publish","type":"post","link":"https:\/\/www.europesays.com\/pt\/6075\/","title":{"rendered":"Suspeito de falso alarme de bomba em avi\u00e3o da SATA proibido de frequentar aeroportos nacionais"},"content":{"rendered":"<p>No s\u00e1bado, a SATA Azores Airlines revelou que a amea\u00e7a de bomba que levou \u00e0 diverg\u00eancia do voo S4 504, com rota entre Ponta Delgada e Bilbau (Espanha), \u201cn\u00e3o foi validada pelas autoridades competentes, ap\u00f3s uma inspe\u00e7\u00e3o rigorosa \u00e0 aeronave e \u00e0 bagagem\u201d.<\/p>\n<p>Ainda de acordo com a empresa, <strong>\u201cap\u00f3s a conclus\u00e3o das dilig\u00eancias pelas autoridades competentes\u201d, a aeronave foi autorizada a retomar a opera\u00e7\u00e3o, tendo a liga\u00e7\u00e3o Lisboa\u2013Bilbau sido reprogramada para a noite desse dia, com 111 passageiros a bordo<\/strong>.\u00a0Os dois passageiros detidos no \u00e2mbito da ocorr\u00eancia n\u00e3o seguiram viagem, ainda segundo a SATA Azores Airlines.<\/p>\n<p>Contactada no s\u00e1bado pela Lusa, fonte da PJ disse que uma pessoa estava detida, por alegadamente ter causado a situa\u00e7\u00e3o, e seria presente a tribunal para primeiro interrogat\u00f3rio de arguido detido e aplica\u00e7\u00e3o de medidas de coa\u00e7\u00e3o.<\/p>\n","protected":false},"excerpt":{"rendered":"No s\u00e1bado, a SATA Azores Airlines revelou que a amea\u00e7a de bomba que levou \u00e0 diverg\u00eancia do voo&hellip;\n","protected":false},"author":2,"featured_media":6076,"comment_status":"","ping_status":"","sticky":false,"template":"","format":"standard","meta":{"footnotes":""},"categories":[10],"tags":[322,324,27,28,15,16,14,25,26,21,22,12,13,19,20,32,23,24,33,17,18,29,30,31],"class_list":{"0":"post-6075","1":"post","2":"type-post","3":"status-publish","4":"format-standard","5":"has-post-thumbnail","7":"category-portugal","8":"tag-aeroporto","9":"tag-aviao","10":"tag-breaking-news","11":"tag-breakingnews","12":"tag-featured-news","13":"tag-featurednews","14":"tag-headlines","15":"tag-latest-news","16":"tag-latestnews","17":"tag-main-news","18":"tag-mainnews","19":"tag-news","20":"tag-noticias","21":"tag-noticias-principais","22":"tag-noticiasprincipais","23":"tag-portugal","24":"tag-principais-noticias","25":"tag-principaisnoticias","26":"tag-pt","27":"tag-top-stories","28":"tag-topstories","29":"tag-ultimas","30":"tag-ultimas-noticias","31":"tag-ultimasnoticias"},"share_on_mastodon":{"url":"","error":""},"_links":{"self":[{"href":"https:\/\/www.europesays.com\/pt\/wp-json\/wp\/v2\/posts\/6075","targetHints":{"allow":["GET"]}}],"collection":[{"href":"https:\/\/www.europesays.com\/pt\/wp-json\/wp\/v2\/posts"}],"about":[{"href":"https:\/\/www.europesays.com\/pt\/wp-json\/wp\/v2\/types\/post"}],"author":[{"embeddable":true,"href":"https:\/\/www.europesays.com\/pt\/wp-json\/wp\/v2\/users\/2"}],"replies":[{"embeddable":true,"href":"https:\/\/www.europesays.com\/pt\/wp-json\/wp\/v2\/comments?post=6075"}],"version-history":[{"count":0,"href":"https:\/\/www.europesays.com\/pt\/wp-json\/wp\/v2\/posts\/6075\/revisions"}],"wp:featuredmedia":[{"embeddable":true,"href":"https:\/\/www.europesays.com\/pt\/wp-json\/wp\/v2\/media\/6076"}],"wp:attachment":[{"href":"https:\/\/www.europesays.com\/pt\/wp-json\/wp\/v2\/media?parent=6075"}],"wp:term":[{"taxonomy":"category","embeddable":true,"href":"https:\/\/www.europesays.com\/pt\/wp-json\/wp\/v2\/categories?post=6075"},{"taxonomy":"post_tag","embeddable":true,"href":"https:\/\/www.europesays.com\/pt\/wp-json\/wp\/v2\/tags?post=6075"}],"curies":[{"name":"wp","href":"https:\/\/api.w.org\/{rel}","templated":true}]}}