{"id":60961,"date":"2025-09-06T12:34:08","date_gmt":"2025-09-06T12:34:08","guid":{"rendered":"https:\/\/www.europesays.com\/pt\/60961\/"},"modified":"2025-09-06T12:34:08","modified_gmt":"2025-09-06T12:34:08","slug":"16-pecas-imperdiveis-da-nova-colecao-da-bershka-nit","status":"publish","type":"post","link":"https:\/\/www.europesays.com\/pt\/60961\/","title":{"rendered":"16 pe\u00e7as imperd\u00edveis da nova cole\u00e7\u00e3o da Bershka \u2014 NiT"},"content":{"rendered":"<p>A Bershka continua a ser uma das marcas favoritas dos jovens adultos dentro do universo Inditex. As lojas enchem-se de charriots e prateleiras com propostas descontra\u00eddas que misturam o estilo streetwear com as tend\u00eancias do momento, sem perder uma certa intemporalidade.<\/p>\n<p>Para a nova esta\u00e7\u00e3o, a marca decidiu cruzar essa identidade mais casual com pe\u00e7as de inspira\u00e7\u00e3o cl\u00e1ssica na cole\u00e7\u00e3o de regresso \u00e0 rotina. As sugest\u00f5es de meia-esta\u00e7\u00e3o reinventam elementos como blazers, casacos canelados e cal\u00e7as com risca diplom\u00e1tica, agora com silhuetas oversized, bainhas subidas e detalhes mais arrojados.<\/p>\n<p>Para facilitar as escolhas, a NiT foi \u00e0 procura dos destaques desta linha. H\u00e1 conjuntos desconstru\u00eddos, como cal\u00e7as com pregas laterais ou modelos flare. At\u00e9 os minical\u00e7\u00f5es surgem com corte tailored e ajuste ao corpo.<\/p>\n<p>Apesar de n\u00e3o ser a categoria mais associada \u00e0 marca, tamb\u00e9m h\u00e1 v\u00e1rias op\u00e7\u00f5es de casacos. Um dos modelos mais curiosos \u00e9 um blus\u00e3o leve com cachecol anexado, uma reinven\u00e7\u00e3o de uma tend\u00eancia que marcou o outono passado. Juntam-se ainda os casacos de polipele ou as vers\u00f5es caneladas com colchetes.<\/p>\n<p>A paleta mant\u00e9m-se dentro dos tons de cinza e preto, tanto nas pe\u00e7as de roupa como nos acess\u00f3rios. H\u00e1, no entanto, algumas exce\u00e7\u00f5es, como blusas que introduzem um tom rosa discreto, ideal para quem quer fugir ao visual monocrom\u00e1tico, sem deixar o lado jovem e urbano da marca.<\/p>\n<p>Muitas pe\u00e7as j\u00e1 est\u00e3o dispon\u00edveis, mas outras surgem com o aviso \u201cBack Soon\u201d. Nestes casos, \u00e9 poss\u00edvel ativar as notifica\u00e7\u00f5es para ser alertado assim que voltarem ao stock.<\/p>\n<p>Com tantas propostas para a transi\u00e7\u00e3o de esta\u00e7\u00e3o, a Pull&amp;Bear junta-se a outras etiquetas j\u00e1 conhecidas dos portugueses, como <a href=\"https:\/\/www.nit.pt\/compras\/moda\/denim-camurca-e-muito-boho-melhores-novidades-da-lefties-para-meia-estacao\" rel=\"nofollow noopener\" target=\"_blank\">Lefties<\/a>, <a href=\"https:\/\/www.nit.pt\/compras\/moda\/ja-nao-conseguimos-tirar-os-olhos-da-nova-colecao-da-zara-para-meia-estacao\" rel=\"nofollow noopener\" target=\"_blank\">Zara<\/a>, <a href=\"https:\/\/www.nit.pt\/compras\/moda\/novidades-da-mango-para-regressar-ao-trabalho-de-forma-elegante-e-descontraida\" rel=\"nofollow noopener\" target=\"_blank\">Mango<\/a>, a <a href=\"https:\/\/www.nit.pt\/compras\/moda\/17-essenciais-que-encontramos-nas-novidades-de-meia-estacao-da-hm\" rel=\"nofollow noopener\" target=\"_blank\">H&amp;M<\/a> ou a <a href=\"https:\/\/www.nit.pt\/compras\/moda\/do-animal-print-ao-polka-dot-chegaram-as-novidades-da-parfois-para-voltar-a-rotina\" rel=\"nofollow noopener\" target=\"_blank\">Parfois<\/a>, que tamb\u00e9m apresentaram recentemente as suas novidades.<\/p>\n<p>Carregue na galeria para ver a sele\u00e7\u00e3o da NiT com algumas novidades da marca espanhola para os pr\u00f3ximos tempos (a partir de 19,99\u20ac).<\/p>\n","protected":false},"excerpt":{"rendered":"A Bershka continua a ser uma das marcas favoritas dos jovens adultos dentro do universo Inditex. As lojas&hellip;\n","protected":false},"author":2,"featured_media":60962,"comment_status":"","ping_status":"","sticky":false,"template":"","format":"standard","meta":{"footnotes":""},"categories":[85],"tags":[114,115,32,33],"class_list":{"0":"post-60961","1":"post","2":"type-post","3":"status-publish","4":"format-standard","5":"has-post-thumbnail","7":"category-entretenimento","8":"tag-entertainment","9":"tag-entretenimento","10":"tag-portugal","11":"tag-pt"},"share_on_mastodon":{"url":"","error":""},"_links":{"self":[{"href":"https:\/\/www.europesays.com\/pt\/wp-json\/wp\/v2\/posts\/60961","targetHints":{"allow":["GET"]}}],"collection":[{"href":"https:\/\/www.europesays.com\/pt\/wp-json\/wp\/v2\/posts"}],"about":[{"href":"https:\/\/www.europesays.com\/pt\/wp-json\/wp\/v2\/types\/post"}],"author":[{"embeddable":true,"href":"https:\/\/www.europesays.com\/pt\/wp-json\/wp\/v2\/users\/2"}],"replies":[{"embeddable":true,"href":"https:\/\/www.europesays.com\/pt\/wp-json\/wp\/v2\/comments?post=60961"}],"version-history":[{"count":0,"href":"https:\/\/www.europesays.com\/pt\/wp-json\/wp\/v2\/posts\/60961\/revisions"}],"wp:featuredmedia":[{"embeddable":true,"href":"https:\/\/www.europesays.com\/pt\/wp-json\/wp\/v2\/media\/60962"}],"wp:attachment":[{"href":"https:\/\/www.europesays.com\/pt\/wp-json\/wp\/v2\/media?parent=60961"}],"wp:term":[{"taxonomy":"category","embeddable":true,"href":"https:\/\/www.europesays.com\/pt\/wp-json\/wp\/v2\/categories?post=60961"},{"taxonomy":"post_tag","embeddable":true,"href":"https:\/\/www.europesays.com\/pt\/wp-json\/wp\/v2\/tags?post=60961"}],"curies":[{"name":"wp","href":"https:\/\/api.w.org\/{rel}","templated":true}]}}