{"id":61006,"date":"2025-09-06T13:25:12","date_gmt":"2025-09-06T13:25:12","guid":{"rendered":"https:\/\/www.europesays.com\/pt\/61006\/"},"modified":"2025-09-06T13:25:12","modified_gmt":"2025-09-06T13:25:12","slug":"eua-pedem-a-mais-de-250-mil-venezuelanos-que-deixem-pais-observador","status":"publish","type":"post","link":"https:\/\/www.europesays.com\/pt\/61006\/","title":{"rendered":"EUA pedem a mais de 250 mil venezuelanos que deixem pa\u00eds \u2013 Observador"},"content":{"rendered":"<p>As autoridades norte-americanas indicaram esta sexta-feira que o Estatuto de Prote\u00e7\u00e3o Tempor\u00e1ria (TPS) de 2021 terminar\u00e1 a 7 de novembro e instaram os benefici\u00e1rios, mais de 250 mil venezuelanos, a \u201cprepararem-se\u201d para regressar ao pa\u00eds de origem.<\/p>\n<p>Isto, no caso de n\u00e3o terem outra base legal para permanecer nos Estados Unidos.<\/p>\n<p>Com esta decis\u00e3o do Departamento de Seguran\u00e7a Interna (DHS), <strong>cerca de 267 mil venezuelanos<\/strong>, cuja prote\u00e7\u00e3o expirava inicialmente a 10 de setembro, obtiveram mais uma tr\u00e9gua, gra\u00e7as ao prazo adicional definido pela norma, porque a lei exige que o Governo comunique com pelo menos 60 dias de anteced\u00eancia o fim do TPS, para que os benefici\u00e1rios tenham op\u00e7\u00f5es para n\u00e3o ficarem de forma irregular no territ\u00f3rio norte-americano.<\/p>\n<p>\u201cSe \u00e9 estrangeiro e atualmente \u00e9 benefici\u00e1rio do TPS para a Venezuela sob a designa\u00e7\u00e3o de 2021, d<strong>eve preparar-se para regressar \u00e0 Venezuela se n\u00e3o tiver outra base legal para permanecer nos Estados Unidos<\/strong>\u201c, aconselhou esta sexta-feira o Servi\u00e7o de Imigra\u00e7\u00e3o e Cidadania (USCIS, na sigla em ingl\u00eas) num comunicado.<\/p>\n<p>O Governo do Presidente republicano, Donald Trump, convidou os cidad\u00e3os venezuelanos afetados com o fim do benef\u00edcio migrat\u00f3rio a usar a aplica\u00e7\u00e3o CBP Home se pretenderem abandonar os Estados Unidos.<\/p>\n<p>A esperan\u00e7a de ficar dos imigrantes est\u00e1 nas m\u00e3os de um juiz federal da Calif\u00f3rnia, que est\u00e1 a analisar um pedido apresentado por um grupo de venezuelanos afetados, e na Alian\u00e7a TPS, que alega que a retirada daquele estatuto de prote\u00e7\u00e3o aos imigrantes por parte do Governo Trump \u00e9 ilegal.<\/p>\n<p>A a\u00e7\u00e3o judicial visa proteger dois grupos de venezuelanos ao abrigo do TPS concedido pelo ex-presidente norte-americano, o democrata Joe Biden: cerca de 250 mil 000 pessoas, em 2021, e os benefici\u00e1rios da prorroga\u00e7\u00e3o de 2023, cerca de 350 mil.<\/p>\n","protected":false},"excerpt":{"rendered":"As autoridades norte-americanas indicaram esta sexta-feira que o Estatuto de Prote\u00e7\u00e3o Tempor\u00e1ria (TPS) de 2021 terminar\u00e1 a 7&hellip;\n","protected":false},"author":2,"featured_media":61007,"comment_status":"","ping_status":"","sticky":false,"template":"","format":"standard","meta":{"footnotes":""},"categories":[50],"tags":[624,27,28,623,15,16,14,25,26,21,22,62,12,13,19,20,23,24,17,18,29,30,31,3023,63,64,65],"class_list":{"0":"post-61006","1":"post","2":"type-post","3":"status-publish","4":"format-standard","5":"has-post-thumbnail","7":"category-mundo","8":"tag-amu00e9rica","9":"tag-breaking-news","10":"tag-breakingnews","11":"tag-estados-unidos-da-amu00e9rica","12":"tag-featured-news","13":"tag-featurednews","14":"tag-headlines","15":"tag-latest-news","16":"tag-latestnews","17":"tag-main-news","18":"tag-mainnews","19":"tag-mundo","20":"tag-news","21":"tag-noticias","22":"tag-noticias-principais","23":"tag-noticiasprincipais","24":"tag-principais-noticias","25":"tag-principaisnoticias","26":"tag-top-stories","27":"tag-topstories","28":"tag-ultimas","29":"tag-ultimas-noticias","30":"tag-ultimasnoticias","31":"tag-venezuela","32":"tag-world","33":"tag-world-news","34":"tag-worldnews"},"share_on_mastodon":{"url":"","error":""},"_links":{"self":[{"href":"https:\/\/www.europesays.com\/pt\/wp-json\/wp\/v2\/posts\/61006","targetHints":{"allow":["GET"]}}],"collection":[{"href":"https:\/\/www.europesays.com\/pt\/wp-json\/wp\/v2\/posts"}],"about":[{"href":"https:\/\/www.europesays.com\/pt\/wp-json\/wp\/v2\/types\/post"}],"author":[{"embeddable":true,"href":"https:\/\/www.europesays.com\/pt\/wp-json\/wp\/v2\/users\/2"}],"replies":[{"embeddable":true,"href":"https:\/\/www.europesays.com\/pt\/wp-json\/wp\/v2\/comments?post=61006"}],"version-history":[{"count":0,"href":"https:\/\/www.europesays.com\/pt\/wp-json\/wp\/v2\/posts\/61006\/revisions"}],"wp:featuredmedia":[{"embeddable":true,"href":"https:\/\/www.europesays.com\/pt\/wp-json\/wp\/v2\/media\/61007"}],"wp:attachment":[{"href":"https:\/\/www.europesays.com\/pt\/wp-json\/wp\/v2\/media?parent=61006"}],"wp:term":[{"taxonomy":"category","embeddable":true,"href":"https:\/\/www.europesays.com\/pt\/wp-json\/wp\/v2\/categories?post=61006"},{"taxonomy":"post_tag","embeddable":true,"href":"https:\/\/www.europesays.com\/pt\/wp-json\/wp\/v2\/tags?post=61006"}],"curies":[{"name":"wp","href":"https:\/\/api.w.org\/{rel}","templated":true}]}}