{"id":61027,"date":"2025-09-06T13:50:27","date_gmt":"2025-09-06T13:50:27","guid":{"rendered":"https:\/\/www.europesays.com\/pt\/61027\/"},"modified":"2025-09-06T13:50:27","modified_gmt":"2025-09-06T13:50:27","slug":"afonso-quer-ter-um-relacionamento-fora-da-casa-com-catarina-miranda-especialista-analisa-ao-pormenor-e-responde-as-duvidas","status":"publish","type":"post","link":"https:\/\/www.europesays.com\/pt\/61027\/","title":{"rendered":"Afonso quer ter um relacionamento fora da casa com Catarina Miranda? Especialista analisa ao pormenor e responde \u00e0s d\u00favidas"},"content":{"rendered":"<p>\t\t\t\t\t\t\t\t\t\t\t\t<a href=\"#\" onclick=\"window.open('http:\/\/www.facebook.com\/sharer.php?u=https:\/\/cusquices.com\/afonso-quer-ter-um-relacionamento-fora-da-casa-com-catarina-miranda-especialista-analisa-ao-pormenor-e-responde-as-duvidas\/&amp;t=Afonso quer ter um relacionamento fora da casa com Catarina Miranda? Especialista analisa ao pormenor e responde \u00e0s d\u00favidas', 'facebookShare', 'width=626,height=436'); return false;\" title=\"Share on Facebook\"><\/p>\n<p>Share<\/p>\n<p><\/a><br \/>\n\t\t\t\t\t\t\t\t\t\t\t\t<a href=\"#\" onclick=\"window.open('http:\/\/twitter.com\/share?text=Afonso quer ter um relacionamento fora da casa com Catarina Miranda? Especialista analisa ao pormenor e responde \u00e0s d\u00favidas -&amp;url=https:\/\/cusquices.com\/afonso-quer-ter-um-relacionamento-fora-da-casa-com-catarina-miranda-especialista-analisa-ao-pormenor-e-responde-as-duvidas\/', 'twitterShare', 'width=626,height=436'); return false;\" title=\"Tweet This Post\"><\/p>\n<p>Tweet<\/p>\n<p><\/a><br \/>\n\t\t\t\t\t\t\t\t\t\t\t\t<a href=\"whatsapp:\/\/send?text=Afonso quer ter um relacionamento fora da casa com Catarina Miranda? Especialista analisa ao pormenor e responde \u00e0s d\u00favidas https:\/\/cusquices.com\/afonso-quer-ter-um-relacionamento-fora-da-casa-com-catarina-miranda-especialista-analisa-ao-pormenor-e-responde-as-duvidas\/\" rel=\"nofollow\"><\/p>\n<p>Share<\/p>\n<p><\/a><br \/>\n\t\t\t\t\t\t\t\t\t\t\t\t<a href=\"#\" onclick=\"window.open('http:\/\/pinterest.com\/pin\/create\/button\/?url=https:\/\/cusquices.com\/afonso-quer-ter-um-relacionamento-fora-da-casa-com-catarina-miranda-especialista-analisa-ao-pormenor-e-responde-as-duvidas\/&amp;media=https:\/\/cusquices.com\/wp-content\/uploads\/2025\/07\/miranda-afonso-1000x600.jpg&amp;description=Afonso quer ter um relacionamento fora da casa com Catarina Miranda? Especialista analisa ao pormenor e responde \u00e0s d\u00favidas', 'pinterestShare', 'width=750,height=350'); return false;\" title=\"Pin This Post\"><\/p>\n<p>Share<\/p>\n<p><\/a><br \/>\n\t\t\t\t\t\t\t\t\t\t\t\t<a href=\"mailto:?subject=Afonso quer ter um relacionamento fora da casa com Catarina Miranda? Especialista analisa ao pormenor e responde \u00e0s d\u00favidas&amp;BODY=I found this article interesting and thought of sharing it with you. Check it out: https:\/\/cusquices.com\/afonso-quer-ter-um-relacionamento-fora-da-casa-com-catarina-miranda-especialista-analisa-ao-pormenor-e-responde-as-duvidas\/\"><\/p>\n<p>Email<\/p>\n<p><\/a><br \/>\n\t\t\t\t\t\t\t\t\t\t\t\t\t\t\t\t\t\t\t\t\t\t\t\t\t\t\t\t\t\t\t\t\t\t\t\t\t\t\t\t\t\t\t\t\t\t\t\t\t\t\t\t\t<a href=\"https:\/\/cusquices.com\/afonso-quer-ter-um-relacionamento-fora-da-casa-com-catarina-miranda-especialista-analisa-ao-pormenor-e-responde-as-duvidas\/#respond\" rel=\"nofollow noopener\" target=\"_blank\"><\/p>\n<p><strong>Catarina Miranda<\/strong> est\u00e1 ca\u00edda de amores por <strong>Afonso Leit\u00e3o<\/strong> e disso, ningu\u00e9m tem d\u00favida. Mas Afonso tem dado para tr\u00e1s a todas as investidas de Miranda e deixou bem claro que s\u00f3 quer falar dos seus sentimentos fora da casa mais vigiada do pa\u00eds. Esta semana Afonso e J\u00e9ssica enfrentaram uma din\u00e2mica, em que o concorrente teve que responder a algumas perguntas do Big e J\u00e9ssica analisava atrav\u00e9s dos olhos do ex-namorado se ele estava ou n\u00e3o a dizer a verdade.<\/p>\n<p>Uma das perguntas foi sobre os sentimentos de <strong>Afonso<\/strong> por <strong>J\u00e9ssica <\/strong>e se pretendia, ou n\u00e3o, ter um relacionamento com a jovem de Almeirim fora da casa mais vigiada do pa\u00eds: <strong>\u201cV\u00ea-se a ter uma rela\u00e7\u00e3o rom\u00e2ntica com a Catarina l\u00e1 fora?\u201d<\/strong>. Afonso respondeu: <strong>\u201cSim\u201d.<\/strong> Mas J\u00e9ssica teve as suas d\u00favidas: <strong>\u201cDiz que n\u00e3o, os olhos dizem que n\u00e3o.\u201d<\/strong><\/p>\n<p>Susana Areal, especialista em comportamento humano, analisou ao pormenor o momento e revelou o seu palpite. <strong>\u201cQuando o Big lhe pergunta: \u201cV\u00ea-se a ter uma rela\u00e7\u00e3o rom\u00e2ntica com a Catarina l\u00e1 fora?\u201d O Afonso responde: \u201cSim.\u201d Mas logo a seguir. Surge uma micro express\u00e3o de tristeza: leve press\u00e3o dos l\u00e1bios e cantos da boca a descer.\u201d<\/strong>, come\u00e7ou por dizer a profiler.<\/p>\n<p>A profiler explicou de seguida o significado da micro express\u00e3o que Afonso fez: <strong>\u201cIsto \u00e9 uma incongru\u00eancia \u2192 palavras e emo\u00e7\u00e3o n\u00e3o est\u00e3o alinhadas. E quando h\u00e1 incongru\u00eancia, levantamos hip\u00f3teses: Est\u00e1 triste porque gosta da Catarina como amiga, mas sabe que n\u00e3o haver\u00e1 rela\u00e7\u00e3o fora da casa. Disse \u201csim\u201d porque \u00e9 o que sente, mas a tristeza vem logo depois, por consci\u00eancia de que as suas palavras podem magoar a J\u00e9ssica.\u201d<\/strong><\/p>\n<p><strong>\u201cPelo padr\u00e3o que tenho observado, aposto mais na segunda hip\u00f3tese. Porque a micro express\u00e3o n\u00e3o surgiu antes de dizer \u201csim\u201d (o que confirmaria mentira), mas depois, quando o impacto da palavra j\u00e1 estava no seu consciente. No fundo, o corpo do Afonso revelou a preocupa\u00e7\u00e3o: n\u00e3o com a verdade do \u201csim\u201d. Mas com as consequ\u00eancias que ela tem c\u00e1 fora\u201d<\/strong>, rematou Susana Areal.<\/p>\n<p><img loading=\"lazy\" decoding=\"async\" width=\"573\" height=\"1024\" src=\"https:\/\/www.europesays.com\/pt\/wp-content\/uploads\/2025\/09\/profiler-afonso-573x1024.png\" alt=\"\" class=\"wp-image-97960 webpexpress-processed\"  \/><\/p>\n<blockquote class=\"instagram-media\" data-instgrm-captioned=\"\" data-instgrm-permalink=\"https:\/\/www.instagram.com\/reel\/DOLQZXrDOq4\/?utm_source=ig_embed&amp;utm_campaign=loading\" data-instgrm-version=\"14\" style=\" background:#FFF; border:0; border-radius:3px; box-shadow:0 0 1px 0 rgba(0,0,0,0.5),0 1px 10px 0 rgba(0,0,0,0.15); margin: 1px; max-width:540px; min-width:326px; padding:0; width:99.375%; width:-webkit-calc(100% - 2px); width:calc(100% - 2px);\"\/>\n<p><strong>Leia tamb\u00e9m:<\/strong><\/p>\n<p>\t\t\t\t\t\t\t\t\t\t\t\t\t\t\t\t\t\t\t\t\t\t\t\t\t<img decoding=\"async\" src=\"https:\/\/www.europesays.com\/pt\/wp-content\/uploads\/2025\/09\/cusquices-logo-52x.png\" class=\"webpexpress-processed\"\/><\/p>\n<p>\t\t\t\t\t\t\t\t\t\t\t\t\t\t\t\t\t\t\t\t\t            \t\t\t\t\t\t\t\t\t\t\t\t\t\t\t\t\t\t\t\t\t\t\t\t\t\t\t\t\t\t\t\t\t\t\t\t\t\t\t<script async src=\"https:\/\/platform.twitter.com\/widgets.js\" charset=\"utf-8\"><\/script><script async src=\"\/\/www.instagram.com\/embed.js\"><\/script><\/p>\n","protected":false},"excerpt":{"rendered":"Share Tweet Share Share Email Catarina Miranda est\u00e1 ca\u00edda de amores por Afonso Leit\u00e3o e disso, ningu\u00e9m tem&hellip;\n","protected":false},"author":2,"featured_media":27703,"comment_status":"","ping_status":"","sticky":false,"template":"","format":"standard","meta":{"footnotes":""},"categories":[85],"tags":[2031,48,342,49,114,115,32,33,227],"class_list":{"0":"post-61027","1":"post","2":"type-post","3":"status-publish","4":"format-standard","5":"has-post-thumbnail","7":"category-entretenimento","8":"tag-afonso-leitao","9":"tag-big-brother","10":"tag-catarina-miranda","11":"tag-destaques","12":"tag-entertainment","13":"tag-entretenimento","14":"tag-portugal","15":"tag-pt","16":"tag-videos"},"share_on_mastodon":{"url":"","error":""},"_links":{"self":[{"href":"https:\/\/www.europesays.com\/pt\/wp-json\/wp\/v2\/posts\/61027","targetHints":{"allow":["GET"]}}],"collection":[{"href":"https:\/\/www.europesays.com\/pt\/wp-json\/wp\/v2\/posts"}],"about":[{"href":"https:\/\/www.europesays.com\/pt\/wp-json\/wp\/v2\/types\/post"}],"author":[{"embeddable":true,"href":"https:\/\/www.europesays.com\/pt\/wp-json\/wp\/v2\/users\/2"}],"replies":[{"embeddable":true,"href":"https:\/\/www.europesays.com\/pt\/wp-json\/wp\/v2\/comments?post=61027"}],"version-history":[{"count":0,"href":"https:\/\/www.europesays.com\/pt\/wp-json\/wp\/v2\/posts\/61027\/revisions"}],"wp:featuredmedia":[{"embeddable":true,"href":"https:\/\/www.europesays.com\/pt\/wp-json\/wp\/v2\/media\/27703"}],"wp:attachment":[{"href":"https:\/\/www.europesays.com\/pt\/wp-json\/wp\/v2\/media?parent=61027"}],"wp:term":[{"taxonomy":"category","embeddable":true,"href":"https:\/\/www.europesays.com\/pt\/wp-json\/wp\/v2\/categories?post=61027"},{"taxonomy":"post_tag","embeddable":true,"href":"https:\/\/www.europesays.com\/pt\/wp-json\/wp\/v2\/tags?post=61027"}],"curies":[{"name":"wp","href":"https:\/\/api.w.org\/{rel}","templated":true}]}}