{"id":61032,"date":"2025-09-06T13:59:07","date_gmt":"2025-09-06T13:59:07","guid":{"rendered":"https:\/\/www.europesays.com\/pt\/61032\/"},"modified":"2025-09-06T13:59:07","modified_gmt":"2025-09-06T13:59:07","slug":"cristina-ferreira-ja-comecou-a-celebrar-o-seu-aniversario-com-uma-viagem-especial-saiba-para-onde-foi-big-brother","status":"publish","type":"post","link":"https:\/\/www.europesays.com\/pt\/61032\/","title":{"rendered":"Cristina Ferreira j\u00e1 come\u00e7ou a celebrar o seu anivers\u00e1rio com uma viagem especial! Saiba para onde foi &#8211; Big Brother"},"content":{"rendered":"<p data-end=\"2108\" data-start=\"1803\"><strong>Cristina Ferreira <\/strong>j\u00e1 come\u00e7ou a celebrar o seu 48.\u00ba anivers\u00e1rio. A poucos dias de soprar as velas (a data oficial \u00e9 ter\u00e7a-feira, dia 9 de setembro, \u00e0s oito da manh\u00e3, como faz quest\u00e3o de lembrar) a apresentadora rumou a Madrid e partilhou v\u00e1rios registos da viagem no Instagram.<\/p>\n<p data-end=\"2408\" data-start=\"2110\"><strong>\u00abA come\u00e7ar a despedida dos 47. Voei para Madrid que \u00e9 sempre um bom ponto de partida\u00bb<\/strong>, escreveu Cristina, revelando ainda que a estadia ser\u00e1 curta, j\u00e1 que regressa logo no dia seguinte. Ainda assim, a apresentadora mostrou-se encantada: \u00abGosto cada vez mais da cidade\u00bb.<\/p>\n<p data-end=\"2662\" data-start=\"2410\">Nas fotografias partilhadas, v\u00ea-se Cristina em clima de descontra\u00e7\u00e3o e boa disposi\u00e7\u00e3o, pronta para entrar nos 48 com a energia que lhe \u00e9 caracter\u00edstica. No final do post, deixou ainda uma pergunta aos seguidores: <strong>\u00abAdivinham para onde vou a seguir?\u00bb<\/strong><\/p>\n<p data-end=\"2792\" data-start=\"2664\">A publica\u00e7\u00e3o rapidamente gerou milhares de gostos e coment\u00e1rios, com f\u00e3s a elogiar a beleza e o esp\u00edrito leve da comunicadora.<\/p>\n<p data-end=\"2864\" data-start=\"2794\"><strong>Veja a galeria completa!<\/strong><\/p>\n","protected":false},"excerpt":{"rendered":"Cristina Ferreira j\u00e1 come\u00e7ou a celebrar o seu 48.\u00ba anivers\u00e1rio. A poucos dias de soprar as velas (a&hellip;\n","protected":false},"author":2,"featured_media":61033,"comment_status":"","ping_status":"","sticky":false,"template":"","format":"standard","meta":{"footnotes":""},"categories":[142],"tags":[996,331,48,329,333,328,335,166,336,114,115,334,332,330,13,32,33,151,162,227],"class_list":{"0":"post-61032","1":"post","2":"type-post","3":"status-publish","4":"format-standard","5":"has-post-thumbnail","7":"category-tv","8":"tag-aniversario","9":"tag-big","10":"tag-big-brother","11":"tag-claudio-ramos","12":"tag-comentadores","13":"tag-concorrentes","14":"tag-confrontos","15":"tag-cristina-ferreira","16":"tag-discussoes","17":"tag-entertainment","18":"tag-entretenimento","19":"tag-exclusivos","20":"tag-expulso","21":"tag-gala","22":"tag-noticias","23":"tag-portugal","24":"tag-pt","25":"tag-tv","26":"tag-tvi","27":"tag-videos"},"share_on_mastodon":{"url":"","error":""},"_links":{"self":[{"href":"https:\/\/www.europesays.com\/pt\/wp-json\/wp\/v2\/posts\/61032","targetHints":{"allow":["GET"]}}],"collection":[{"href":"https:\/\/www.europesays.com\/pt\/wp-json\/wp\/v2\/posts"}],"about":[{"href":"https:\/\/www.europesays.com\/pt\/wp-json\/wp\/v2\/types\/post"}],"author":[{"embeddable":true,"href":"https:\/\/www.europesays.com\/pt\/wp-json\/wp\/v2\/users\/2"}],"replies":[{"embeddable":true,"href":"https:\/\/www.europesays.com\/pt\/wp-json\/wp\/v2\/comments?post=61032"}],"version-history":[{"count":0,"href":"https:\/\/www.europesays.com\/pt\/wp-json\/wp\/v2\/posts\/61032\/revisions"}],"wp:featuredmedia":[{"embeddable":true,"href":"https:\/\/www.europesays.com\/pt\/wp-json\/wp\/v2\/media\/61033"}],"wp:attachment":[{"href":"https:\/\/www.europesays.com\/pt\/wp-json\/wp\/v2\/media?parent=61032"}],"wp:term":[{"taxonomy":"category","embeddable":true,"href":"https:\/\/www.europesays.com\/pt\/wp-json\/wp\/v2\/categories?post=61032"},{"taxonomy":"post_tag","embeddable":true,"href":"https:\/\/www.europesays.com\/pt\/wp-json\/wp\/v2\/tags?post=61032"}],"curies":[{"name":"wp","href":"https:\/\/api.w.org\/{rel}","templated":true}]}}