{"id":61040,"date":"2025-09-06T14:08:34","date_gmt":"2025-09-06T14:08:34","guid":{"rendered":"https:\/\/www.europesays.com\/pt\/61040\/"},"modified":"2025-09-06T14:08:34","modified_gmt":"2025-09-06T14:08:34","slug":"paciente-com-surtos-psicoticos-mata-companheira-a-tiro-no-hospital-onde-estava-internado","status":"publish","type":"post","link":"https:\/\/www.europesays.com\/pt\/61040\/","title":{"rendered":"Paciente com surtos psic\u00f3ticos mata companheira a tiro no hospital onde estava internado"},"content":{"rendered":"<p>O alerta foi dado pelas 3 horas da madrugada para a Casa de Sa\u00fade de Santa Catarina, um hospital dedicado \u00e0 sa\u00fade mental que reabriu recentemente as portas em novas instala\u00e7\u00f5es, na Rua Interior da Circunvala\u00e7\u00e3o, ao lado do hospital CUF.<\/p>\n<p data-remotead-prev-elm=\"true\" data-remotead-elm-id=\"inread\">Ao que o JN apurou, o homem dirigiu-se \u00e0 Casa de Sa\u00fade de Santa Catarina ao final da tarde de quinta-feira para ser tratado por &#8220;surtos psic\u00f3ticos&#8221; e aceitou ficar internado sob observa\u00e7\u00e3o. Ficou colocado num quarto privado e passou a noite acompanhado da mulher, que teve autoriza\u00e7\u00e3o para pernoitar no hospital.<\/p>\n<p>Ainda antes das 3 horas, um enfermeiro ouviu o som dos disparos e, quando chegou ao quarto, a mulher j\u00e1 tinha sido atingida e o marido estava no ch\u00e3o, com a arma numa das m\u00e3os. O \u00f3bito da mulher foi declarado no local, enquanto o autor dos disparos sobreviveu e foi transportado para o Hospital Santo Ant\u00f3nio, onde se encontra &#8220;sob observa\u00e7\u00e3o&#8221;.<\/p>\n<p data-remotead-prev-elm=\"true\" data-remotead-elm-id=\"centro1\">De acordo com fonte do Comando da PSP, o suspeito &#8220;fez um disparo sobre a esposa e depois deu um tiro no peito&#8221;, numa tentativa de suic\u00eddio.<\/p>\n<p>Tendo em conta que se trata de um homic\u00eddio com arma de fogo, o caso foi entregue \u00e0 Pol\u00edcia Judici\u00e1ria.<\/p>\n","protected":false},"excerpt":{"rendered":"O alerta foi dado pelas 3 horas da madrugada para a Casa de Sa\u00fade de Santa Catarina, um&hellip;\n","protected":false},"author":2,"featured_media":61041,"comment_status":"","ping_status":"","sticky":false,"template":"","format":"standard","meta":{"footnotes":""},"categories":[10],"tags":[27,28,15,16,14,25,26,21,22,12,13,19,20,32,23,24,33,17,18,29,30,31],"class_list":{"0":"post-61040","1":"post","2":"type-post","3":"status-publish","4":"format-standard","5":"has-post-thumbnail","7":"category-portugal","8":"tag-breaking-news","9":"tag-breakingnews","10":"tag-featured-news","11":"tag-featurednews","12":"tag-headlines","13":"tag-latest-news","14":"tag-latestnews","15":"tag-main-news","16":"tag-mainnews","17":"tag-news","18":"tag-noticias","19":"tag-noticias-principais","20":"tag-noticiasprincipais","21":"tag-portugal","22":"tag-principais-noticias","23":"tag-principaisnoticias","24":"tag-pt","25":"tag-top-stories","26":"tag-topstories","27":"tag-ultimas","28":"tag-ultimas-noticias","29":"tag-ultimasnoticias"},"share_on_mastodon":{"url":"","error":""},"_links":{"self":[{"href":"https:\/\/www.europesays.com\/pt\/wp-json\/wp\/v2\/posts\/61040","targetHints":{"allow":["GET"]}}],"collection":[{"href":"https:\/\/www.europesays.com\/pt\/wp-json\/wp\/v2\/posts"}],"about":[{"href":"https:\/\/www.europesays.com\/pt\/wp-json\/wp\/v2\/types\/post"}],"author":[{"embeddable":true,"href":"https:\/\/www.europesays.com\/pt\/wp-json\/wp\/v2\/users\/2"}],"replies":[{"embeddable":true,"href":"https:\/\/www.europesays.com\/pt\/wp-json\/wp\/v2\/comments?post=61040"}],"version-history":[{"count":0,"href":"https:\/\/www.europesays.com\/pt\/wp-json\/wp\/v2\/posts\/61040\/revisions"}],"wp:featuredmedia":[{"embeddable":true,"href":"https:\/\/www.europesays.com\/pt\/wp-json\/wp\/v2\/media\/61041"}],"wp:attachment":[{"href":"https:\/\/www.europesays.com\/pt\/wp-json\/wp\/v2\/media?parent=61040"}],"wp:term":[{"taxonomy":"category","embeddable":true,"href":"https:\/\/www.europesays.com\/pt\/wp-json\/wp\/v2\/categories?post=61040"},{"taxonomy":"post_tag","embeddable":true,"href":"https:\/\/www.europesays.com\/pt\/wp-json\/wp\/v2\/tags?post=61040"}],"curies":[{"name":"wp","href":"https:\/\/api.w.org\/{rel}","templated":true}]}}