{"id":61042,"date":"2025-09-06T14:10:09","date_gmt":"2025-09-06T14:10:09","guid":{"rendered":"https:\/\/www.europesays.com\/pt\/61042\/"},"modified":"2025-09-06T14:10:09","modified_gmt":"2025-09-06T14:10:09","slug":"quem-e-nikki-rodriguez-atriz-da-netflix-acusada-de-mentir-idade","status":"publish","type":"post","link":"https:\/\/www.europesays.com\/pt\/61042\/","title":{"rendered":"Quem \u00e9 Nikki Rodriguez, atriz da Netflix acusada de mentir idade?"},"content":{"rendered":"<p>\n                        Ela interpreta Jackie na s\u00e9rie &#8216;Minha Vida Com a Fam\u00edlia Walter&#8217;\n                    <\/p>\n<p class=\"text\"><b>Nikki Rodriguez,<\/b> atriz que protagoniza a s\u00e9rie <b>Minha Vida Com a Fam\u00edlia Walter<\/b>, na <b>Netflix<\/b>, se tornou um dos nomes mais comentados nas redes sociais durante a semana.<\/p>\n<p><img loading=\"lazy\" decoding=\"async\" alt=\"Nikki Rodriguez interpreta Jackie na s\u00e9rie 'Minha Vida Com a Fam\u00edlia Walter', da Netflix.\" class=\"img-4f05ae546ea4b4102f0d3ccc664ee8c2znltlqry\" height=\"569\" src=\"https:\/\/www.europesays.com\/pt\/wp-content\/uploads\/2025\/09\/1189815036-62xztsul7fae5g4ji3aowdp5ey.jpeg\"  title=\"Nikki Rodriguez interpreta Jackie na s\u00e9rie 'Minha Vida Com a Fam\u00edlia Walter', da Netflix.\" width=\"774\"\/><\/p>\n<p>Nikki Rodriguez interpreta Jackie na s\u00e9rie &#8216;Minha Vida Com a Fam\u00edlia Walter&#8217;, da Netflix.<\/p>\n<p>Foto: @nikkirodriguez via Instagram \/ Estad\u00e3o<\/p>\n<p class=\"text\">Uma reportagem do jornal The US Sun obteve documentos que revelam que ela tem 33 anos de idade, enquanto, em entrevistas, ela afirma ter 22.<\/p>\n<p class=\"text\">Os documentos coletados pelo ve\u00edculo afirmam que a atriz nasceu em julho de 1992. Al\u00e9m disso, o jornal tamb\u00e9m menciona que teve acesso a um v\u00eddeo dela se formando no Ensino M\u00e9dio em 2010.<\/p>\n<p>Quem \u00e9 Nikki Rodriguez?<\/p>\n<p class=\"text\">Nikki Rodriguez \u00e9 conhecida por seu trabalho como Jackie, protagonista da s\u00e9rie Minha Vida Com a Fam\u00edlia Walter, original da Netflix. Na produ\u00e7\u00e3o, a personagem tem 15 anos de idade. A segunda temporada da s\u00e9rie chegou ao streaming no dia 28 de agosto<\/p>\n<p class=\"text\">Ela tamb\u00e9m participou de On My Block, seriado no qual interpretou Vero.<\/p>\n<p class=\"text\">A atriz tamb\u00e9m esteve no elenco de Back to Layla, filme de 2022.<\/p>\n<p class=\"text\">*Estagi\u00e1ria sob supervis\u00e3o de Charlise Morais<\/p>\n","protected":false},"excerpt":{"rendered":"Ela interpreta Jackie na s\u00e9rie &#8216;Minha Vida Com a Fam\u00edlia Walter&#8217; Nikki Rodriguez, atriz que protagoniza a s\u00e9rie&hellip;\n","protected":false},"author":2,"featured_media":61043,"comment_status":"","ping_status":"","sticky":false,"template":"","format":"standard","meta":{"footnotes":""},"categories":[145],"tags":[211,210,114,115,716,32,33],"class_list":{"0":"post-61042","1":"post","2":"type-post","3":"status-publish","4":"format-standard","5":"has-post-thumbnail","7":"category-celebridades","8":"tag-celebridades","9":"tag-celebrities","10":"tag-entertainment","11":"tag-entretenimento","12":"tag-netflix","13":"tag-portugal","14":"tag-pt"},"share_on_mastodon":{"url":"","error":""},"_links":{"self":[{"href":"https:\/\/www.europesays.com\/pt\/wp-json\/wp\/v2\/posts\/61042","targetHints":{"allow":["GET"]}}],"collection":[{"href":"https:\/\/www.europesays.com\/pt\/wp-json\/wp\/v2\/posts"}],"about":[{"href":"https:\/\/www.europesays.com\/pt\/wp-json\/wp\/v2\/types\/post"}],"author":[{"embeddable":true,"href":"https:\/\/www.europesays.com\/pt\/wp-json\/wp\/v2\/users\/2"}],"replies":[{"embeddable":true,"href":"https:\/\/www.europesays.com\/pt\/wp-json\/wp\/v2\/comments?post=61042"}],"version-history":[{"count":0,"href":"https:\/\/www.europesays.com\/pt\/wp-json\/wp\/v2\/posts\/61042\/revisions"}],"wp:featuredmedia":[{"embeddable":true,"href":"https:\/\/www.europesays.com\/pt\/wp-json\/wp\/v2\/media\/61043"}],"wp:attachment":[{"href":"https:\/\/www.europesays.com\/pt\/wp-json\/wp\/v2\/media?parent=61042"}],"wp:term":[{"taxonomy":"category","embeddable":true,"href":"https:\/\/www.europesays.com\/pt\/wp-json\/wp\/v2\/categories?post=61042"},{"taxonomy":"post_tag","embeddable":true,"href":"https:\/\/www.europesays.com\/pt\/wp-json\/wp\/v2\/tags?post=61042"}],"curies":[{"name":"wp","href":"https:\/\/api.w.org\/{rel}","templated":true}]}}