{"id":61046,"date":"2025-09-06T14:13:15","date_gmt":"2025-09-06T14:13:15","guid":{"rendered":"https:\/\/www.europesays.com\/pt\/61046\/"},"modified":"2025-09-06T14:13:15","modified_gmt":"2025-09-06T14:13:15","slug":"lembra-se-da-discussao-da-papa-di-cantina-recorde-um-dos-momentos-mais-epicos-do-secret-story-big-brother","status":"publish","type":"post","link":"https:\/\/www.europesays.com\/pt\/61046\/","title":{"rendered":"Lembra-se da discuss\u00e3o da \u00abpapa di cantina\u00bb? Recorde um dos momentos mais \u00e9picos do Secret Story &#8211; Big Brother"},"content":{"rendered":"<p data-end=\"965\" data-start=\"619\">S\u00e3o poucos os momentos da <a href=\"https:\/\/tvi.iol.pt\/secretstory\/\" target=\"_blank\" rel=\"nofollow noopener\"><strong>Casa dos Segredos<\/strong><\/a> que resistem verdadeiramente ao teste do tempo, mas a discuss\u00e3o entre <strong>Pedro Capit\u00e3o<\/strong> e <strong>Agnes Arabela<\/strong>\u00a0na 5\u00aa edi\u00e7\u00e3o do reality show da TVI, em 2014, \u00e9 sem d\u00favida um deles. O epis\u00f3dio, que se tornou viral nas redes sociais e continua a ser partilhado em memes e v\u00eddeos, teve como ponto de partida um ingrediente inesperado: pimentos.<\/p>\n<p data-end=\"1265\" data-start=\"967\"><strong>Pedro<\/strong>, o cozinheiro de servi\u00e7o na casa, preparava espetadas para o grupo quando decidiu retirar os pimentos, por saber que alguns colegas n\u00e3o gostavam. No entanto, <strong>Agnes Arabela<\/strong> n\u00e3o gostou da decis\u00e3o e acusou-o de fazer <strong>\u00abpapa di cantina\u00bb<\/strong>, numa cr\u00edtica direta ao estilo de culin\u00e1ria do alentejano.<\/p>\n<p data-end=\"1611\" data-start=\"1267\">A discuss\u00e3o subiu rapidamente de tom, com os dois concorrentes a trocarem provoca\u00e7\u00f5es, acusa\u00e7\u00f5es e ofensas. O momento atingiu o cl\u00edmax quando <strong>Agnes<\/strong> fez um coment\u00e1rio sobre a m\u00e3e de Pedro, levando-o a perder as estribeiras: <strong>\u00abTu chamas vaquinha \u00e0 tua m\u00e3e\u00bb<\/strong>. O concorrente teve de ser retirado da cozinha pelos colegas, visivelmente exaltado, e prometeu que nunca mais cozinharia para <strong>Agnes<\/strong>.<\/p>\n<p data-end=\"1958\" data-start=\"1613\">Hoje, anos depois, este confronto continua a ser lembrado como um dos epis\u00f3dios mais explosivos e emblem\u00e1ticos do reality show, contando j\u00e1 com mais de 700 mil visualiza\u00e7\u00f5es no canal de YouTube da TVI. <strong>Pedro Capit\u00e3o<\/strong>, que atualmente \u00e9 comentador do social no V+, tornou-se uma figura incontorn\u00e1vel do universo dos reality shows portugueses e esta discuss\u00e3o com <strong>Agnes Arabela<\/strong> continua a fazer parte da sua marca pessoal.<\/p>\n<p>Recorde o ic\u00f3nico momento aqui: <\/p>\n<p data-end=\"1958\" data-start=\"1613\">\u00a0<\/p>\n","protected":false},"excerpt":{"rendered":"S\u00e3o poucos os momentos da Casa dos Segredos que resistem verdadeiramente ao teste do tempo, mas a discuss\u00e3o&hellip;\n","protected":false},"author":2,"featured_media":61047,"comment_status":"","ping_status":"","sticky":false,"template":"","format":"standard","meta":{"footnotes":""},"categories":[142],"tags":[17126,331,48,2632,17127,329,333,328,335,336,114,115,334,332,330,13,17125,32,33,1315,151,162,227],"class_list":{"0":"post-61046","1":"post","2":"type-post","3":"status-publish","4":"format-standard","5":"has-post-thumbnail","7":"category-tv","8":"tag-agnes-arabela","9":"tag-big","10":"tag-big-brother","11":"tag-casa-dos-segredos","12":"tag-casa-dos-segredos-5","13":"tag-claudio-ramos","14":"tag-comentadores","15":"tag-concorrentes","16":"tag-confrontos","17":"tag-discussoes","18":"tag-entertainment","19":"tag-entretenimento","20":"tag-exclusivos","21":"tag-expulso","22":"tag-gala","23":"tag-noticias","24":"tag-pedro-capitao","25":"tag-portugal","26":"tag-pt","27":"tag-secret-story","28":"tag-tv","29":"tag-tvi","30":"tag-videos"},"share_on_mastodon":{"url":"","error":""},"_links":{"self":[{"href":"https:\/\/www.europesays.com\/pt\/wp-json\/wp\/v2\/posts\/61046","targetHints":{"allow":["GET"]}}],"collection":[{"href":"https:\/\/www.europesays.com\/pt\/wp-json\/wp\/v2\/posts"}],"about":[{"href":"https:\/\/www.europesays.com\/pt\/wp-json\/wp\/v2\/types\/post"}],"author":[{"embeddable":true,"href":"https:\/\/www.europesays.com\/pt\/wp-json\/wp\/v2\/users\/2"}],"replies":[{"embeddable":true,"href":"https:\/\/www.europesays.com\/pt\/wp-json\/wp\/v2\/comments?post=61046"}],"version-history":[{"count":0,"href":"https:\/\/www.europesays.com\/pt\/wp-json\/wp\/v2\/posts\/61046\/revisions"}],"wp:featuredmedia":[{"embeddable":true,"href":"https:\/\/www.europesays.com\/pt\/wp-json\/wp\/v2\/media\/61047"}],"wp:attachment":[{"href":"https:\/\/www.europesays.com\/pt\/wp-json\/wp\/v2\/media?parent=61046"}],"wp:term":[{"taxonomy":"category","embeddable":true,"href":"https:\/\/www.europesays.com\/pt\/wp-json\/wp\/v2\/categories?post=61046"},{"taxonomy":"post_tag","embeddable":true,"href":"https:\/\/www.europesays.com\/pt\/wp-json\/wp\/v2\/tags?post=61046"}],"curies":[{"name":"wp","href":"https:\/\/api.w.org\/{rel}","templated":true}]}}