{"id":61061,"date":"2025-09-06T14:29:10","date_gmt":"2025-09-06T14:29:10","guid":{"rendered":"https:\/\/www.europesays.com\/pt\/61061\/"},"modified":"2025-09-06T14:29:10","modified_gmt":"2025-09-06T14:29:10","slug":"nova-imagem-de-anaconda-com-selton-mello-mostra-cobra-gigante-e-assustadora-na-floresta","status":"publish","type":"post","link":"https:\/\/www.europesays.com\/pt\/61061\/","title":{"rendered":"Nova imagem de &#8216;Anaconda&#8217;, com Selton Mello, mostra cobra gigante e assustadora na floresta"},"content":{"rendered":"<p>\n\t\t\t\t\t\tSelton Mello, Paul Rudd e Jack Black estrelam a nova vers\u00e3o de &#8216;Anaconda&#8217; \/ Sony Pictures\/Reprodu\u00e7\u00e3o\n\t\t\t\t\t<\/p>\n<p>A nova vers\u00e3o de &#8220;Anaconda&#8221; divulgou o primeiro visual da cobra em um stand da rede Cinemark, no evento The Town.<\/p>\n<p><strong>Fa\u00e7a parte do grupo do Di\u00e1rio no <\/strong><a href=\"https:\/\/bit.ly\/CanalDiarioDoLitoral\" target=\"_blank\" rel=\"nofollow noopener\">WhatsApp<\/a> <strong>e<\/strong> <a href=\"https:\/\/t.me\/diariodolitoral\" target=\"_blank\" rel=\"nofollow\">Telegram<\/a><strong>.<br \/>Mantenha-se bem informado.<\/strong><\/p>\n<p>A produ\u00e7\u00e3o marcar\u00e1 a estreia do brasileiro Selton Mello em seu primeiro longa em Hollywood, onde ele interpretar\u00e1 um domador de animais brasileiro.\n\t\t\t<\/p>\n<p class=\"texto-continue listagem-detalhe\">Continua depois da publicidade<\/p>\n<p>\t\t\t\t\t\t\tLeia Tamb\u00e9m<br \/>\n\t\t\t\t\t\t\t\t\t\t\t\t\t\t\t\t\t\t\t\t\t\t\t<a href=\"https:\/\/www.diariodolitoral.com.br\/diario-mais\/selton-mello-nao-aceitou-participar-de-famosa-franquia-por-motivo\/192149\/\" title=\"\" class=\"link-titulo w-inline-block\" rel=\"nofollow noopener\" target=\"_blank\"><br \/>\n\t\t\t\t\t\t\t\t\t\u2022 Selton Mello n\u00e3o aceitou participar de famosa franquia por motivo inusitado; entenda<br \/>\n\t\t\t\t\t\t\t\t<\/a><\/p>\n<p>Lembrando que o brasileiro <a href=\"https:\/\/www.diariodolitoral.com.br\/diario-mais\/selton-mello-nao-aceitou-participar-de-famosa-franquia-por-motivo\/192149\/\" target=\"_blank\" rel=\"nofollow noopener\">declinou o convite para participar de um dos filmes de &#8220;Star Trek&#8221;<\/a>, por simplesmente n\u00e3o terem lhe explicado seu personagem.<\/p>\n<p>Sobre o que se trata<\/p>\n<p>O longa mostrar\u00e1 um diretor de cinema (Black) preso a trabalhos como cinegrafista de casamentos, e seu amigo de longa data (Rudd), que trabalha como ator e fez uma temporada de um programa policial.\n\t\t\t<\/p>\n<p class=\"texto-continue listagem-detalhe\">Continua depois da publicidade<\/p>\n<p>Ao verem seus sonhos de Hollywood se distanciando devido a uma crise de meia-idade, eles resolvem gravar um remake do filme preferido da juventude: &#8220;Anaconda&#8221;. Quando chegam \u00e0 floresta, n\u00e3o contavam que iriam enfrentar desastres naturais reais, criminosos violentos e cobras gigantes.<\/p>\n<p>V\u00eddeo ic\u00f4nico<\/p>\n<p>No come\u00e7o das grava\u00e7\u00f5es, a Sony Pictures chegou a divulgar um v\u00eddeo com Jack Black, Selton Mello e Paul Rudd cantando uma m\u00fasica e anunciando que, em breve, o trio estaria junto no longa.<\/p>\n<p>Quando ele ser\u00e1 lan\u00e7ado?<\/p>\n<p>&#8220;Anaconda&#8221; chegar\u00e1 aos cinemas brasileiros em 25 de dezembro.\n\t\t\t<\/p>\n<p class=\"texto-continue listagem-detalhe\">Continua depois da publicidade<\/p>\n","protected":false},"excerpt":{"rendered":"Selton Mello, Paul Rudd e Jack Black estrelam a nova vers\u00e3o de &#8216;Anaconda&#8217; \/ Sony Pictures\/Reprodu\u00e7\u00e3o A nova&hellip;\n","protected":false},"author":2,"featured_media":61062,"comment_status":"","ping_status":"","sticky":false,"template":"","format":"standard","meta":{"footnotes":""},"categories":[140],"tags":[470,114,115,147,148,146,32,33],"class_list":{"0":"post-61061","1":"post","2":"type-post","3":"status-publish","4":"format-standard","5":"has-post-thumbnail","7":"category-filmes","8":"tag-cinema","9":"tag-entertainment","10":"tag-entretenimento","11":"tag-film","12":"tag-filmes","13":"tag-movies","14":"tag-portugal","15":"tag-pt"},"share_on_mastodon":{"url":"","error":""},"_links":{"self":[{"href":"https:\/\/www.europesays.com\/pt\/wp-json\/wp\/v2\/posts\/61061","targetHints":{"allow":["GET"]}}],"collection":[{"href":"https:\/\/www.europesays.com\/pt\/wp-json\/wp\/v2\/posts"}],"about":[{"href":"https:\/\/www.europesays.com\/pt\/wp-json\/wp\/v2\/types\/post"}],"author":[{"embeddable":true,"href":"https:\/\/www.europesays.com\/pt\/wp-json\/wp\/v2\/users\/2"}],"replies":[{"embeddable":true,"href":"https:\/\/www.europesays.com\/pt\/wp-json\/wp\/v2\/comments?post=61061"}],"version-history":[{"count":0,"href":"https:\/\/www.europesays.com\/pt\/wp-json\/wp\/v2\/posts\/61061\/revisions"}],"wp:featuredmedia":[{"embeddable":true,"href":"https:\/\/www.europesays.com\/pt\/wp-json\/wp\/v2\/media\/61062"}],"wp:attachment":[{"href":"https:\/\/www.europesays.com\/pt\/wp-json\/wp\/v2\/media?parent=61061"}],"wp:term":[{"taxonomy":"category","embeddable":true,"href":"https:\/\/www.europesays.com\/pt\/wp-json\/wp\/v2\/categories?post=61061"},{"taxonomy":"post_tag","embeddable":true,"href":"https:\/\/www.europesays.com\/pt\/wp-json\/wp\/v2\/tags?post=61061"}],"curies":[{"name":"wp","href":"https:\/\/api.w.org\/{rel}","templated":true}]}}