{"id":61080,"date":"2025-09-06T14:52:08","date_gmt":"2025-09-06T14:52:08","guid":{"rendered":"https:\/\/www.europesays.com\/pt\/61080\/"},"modified":"2025-09-06T14:52:08","modified_gmt":"2025-09-06T14:52:08","slug":"o-novo-velho-spike-lee-observador","status":"publish","type":"post","link":"https:\/\/www.europesays.com\/pt\/61080\/","title":{"rendered":"O novo velho Spike Lee \u2013 Observador"},"content":{"rendered":"<p>C\u00e9us e Infernos (Highest\u00a02\u00a0Lowest no original) \u00e9 um remake de um filme de 1963 de\u00a0Akira\u00a0Kurosawa \u2014\u00a0O C\u00e9u e o Inferno\u00a0\u2014 baseado num romance de Ed\u00a0McBain, que acontecia numa cidade fict\u00edcia, inspirada em Nova Iorque. A obra de\u00a0Spike\u00a0Lee devolve a hist\u00f3ria original \u00e0 base, ao romance, que acontece numa cidade fict\u00edcia inspirada em Nova Iorque, mas afasta-se da ideia de uma luta de classes que existia no\u00a0filme de\u00a0Kurosawa. Ali\u00e1s, C\u00e9us e Infernos respira ideias de algu\u00e9m estabelecido numa outra classe social da vida em Nova Iorque. Isso tem o seu qu\u00ea de novidade no cinema do realizador que naquela cidade tem ber\u00e7o, morada e inspira\u00e7\u00e3o.<\/p>\n<p>David King (Denzel Washington) subiu na vida como fundador de uma editora de m\u00fasica negra, bem-sucedida, com meia centena de Grammys no curr\u00edculo, e uma filosofia de abra\u00e7ar o jazz, a soul e o R&amp;B e ignorar o hip\u00a0hop. King rejeita intencionalmente a m\u00fasica de rua e procura algo mais pr\u00f3ximo da sua ambi\u00e7\u00e3o, lado a lado com a vida de luxo que vive, que inclui uma\u00a0penthouse\u00a0em DUMBO\u00a0(acr\u00f3nimo de Down\u00a0Under\u00a0the Manhattan Bridge\u00a0Overpass), o bairro de Brooklyn \u2014 mas n\u00e3o a Brooklyn de outros filmes de Spike\u00a0Lee. Aqui, King v\u00ea a cidade de cima para baixo.<\/p>\n<p><strong>[o trailer de \u201cC\u00e9us e Infernos\u201d:]<\/strong><\/p>\n<p>O filho,\u00a0Trey\u00a0(Aubrey\u00a0Joseph), quer ser uma estrela de basquetebol. Treina com Rick Fox \u2013 que faz dele pr\u00f3prio \u2013 e as coisas est\u00e3o alinhadas para que seja um nepo\u00a0baby. O elemento mais palp\u00e1vel no primeiro ter\u00e7o de C\u00e9us e Infernos \u00e9 o de que n\u00e3o h\u00e1 qualquer cr\u00edtica social de Spike\u00a0Lee \u00e0 forma como David King vive. Em parte, isso bate como um choque frontal enquanto se v\u00ea o filme: passa-se parte da introdu\u00e7\u00e3o \u00e0 espera que Lee contrarie a filosofia do protagonista, mas isso n\u00e3o acontece. \u00c0s tantas, perdemos a esperan\u00e7a: n\u00e3o no realizador, mas nas nossas inten\u00e7\u00f5es sobre o que antecipamos como sendo um filme de Spike Lee.<\/p>\n","protected":false},"excerpt":{"rendered":"C\u00e9us e Infernos (Highest\u00a02\u00a0Lowest no original) \u00e9 um remake de um filme de 1963 de\u00a0Akira\u00a0Kurosawa \u2014\u00a0O C\u00e9u e&hellip;\n","protected":false},"author":2,"featured_media":61081,"comment_status":"","ping_status":"","sticky":false,"template":"","format":"standard","meta":{"footnotes":""},"categories":[145],"tags":[211,210,470,315,114,115,32,33,940,110],"class_list":{"0":"post-61080","1":"post","2":"type-post","3":"status-publish","4":"format-standard","5":"has-post-thumbnail","7":"category-celebridades","8":"tag-celebridades","9":"tag-celebrities","10":"tag-cinema","11":"tag-cultura","12":"tag-entertainment","13":"tag-entretenimento","14":"tag-portugal","15":"tag-pt","16":"tag-streaming","17":"tag-tecnologia"},"share_on_mastodon":{"url":"","error":""},"_links":{"self":[{"href":"https:\/\/www.europesays.com\/pt\/wp-json\/wp\/v2\/posts\/61080","targetHints":{"allow":["GET"]}}],"collection":[{"href":"https:\/\/www.europesays.com\/pt\/wp-json\/wp\/v2\/posts"}],"about":[{"href":"https:\/\/www.europesays.com\/pt\/wp-json\/wp\/v2\/types\/post"}],"author":[{"embeddable":true,"href":"https:\/\/www.europesays.com\/pt\/wp-json\/wp\/v2\/users\/2"}],"replies":[{"embeddable":true,"href":"https:\/\/www.europesays.com\/pt\/wp-json\/wp\/v2\/comments?post=61080"}],"version-history":[{"count":0,"href":"https:\/\/www.europesays.com\/pt\/wp-json\/wp\/v2\/posts\/61080\/revisions"}],"wp:featuredmedia":[{"embeddable":true,"href":"https:\/\/www.europesays.com\/pt\/wp-json\/wp\/v2\/media\/61081"}],"wp:attachment":[{"href":"https:\/\/www.europesays.com\/pt\/wp-json\/wp\/v2\/media?parent=61080"}],"wp:term":[{"taxonomy":"category","embeddable":true,"href":"https:\/\/www.europesays.com\/pt\/wp-json\/wp\/v2\/categories?post=61080"},{"taxonomy":"post_tag","embeddable":true,"href":"https:\/\/www.europesays.com\/pt\/wp-json\/wp\/v2\/tags?post=61080"}],"curies":[{"name":"wp","href":"https:\/\/api.w.org\/{rel}","templated":true}]}}