{"id":61094,"date":"2025-09-06T15:10:08","date_gmt":"2025-09-06T15:10:08","guid":{"rendered":"https:\/\/www.europesays.com\/pt\/61094\/"},"modified":"2025-09-06T15:10:08","modified_gmt":"2025-09-06T15:10:08","slug":"escapamos-por-pouco-da-catastrofe-selecao-luxemburguesa-sofreu-acidente","status":"publish","type":"post","link":"https:\/\/www.europesays.com\/pt\/61094\/","title":{"rendered":"\u00abEscap\u00e1mos por pouco da cat\u00e1strofe\u00bb: sele\u00e7\u00e3o luxemburguesa sofreu acidente"},"content":{"rendered":"<p style=\"text-align: justify\">O autocarro que transportava a sele\u00e7\u00e3o sub-21 do <a target=\"_blank\" class=\"editor-link autolink-enabled\" href=\"https:\/\/www.abola.pt\/futebol\/luxemburgo-1508\" data-resource-id=\"1508\" data-resource-type=\"team\" data-sport=\"football\" rel=\"nofollow noopener\">Luxemburgo<\/a> sofreu um aparatoso acidente de via\u00e7\u00e3o na quinta-feira \u00e0 noite, na regi\u00e3o da Bretanha, em Fran\u00e7a.<\/p>\n<p style=\"text-align: justify\">O sinistro ocorreu na v\u00e9spera do encontro com a sele\u00e7\u00e3o gaulesa, que marcaria o arranque do apuramento para o Europeu 2027 da categoria, mas que acabou por ser adiado devido \u00e0 ocorr\u00eancia.<\/p>\n<p>Tudo aconteceu quando o autocarro que transportava a comitiva luxemburguesa, com 32 elementos a bordo, capotou na RN 24, nos arredores de Languidic (Morbihan), deslizando cerca de 50 metros at\u00e9 cair numa vala.<\/p>\n<p>\u00abUm membro da equipa viu que est\u00e1vamos a mudar de trajet\u00f3ria e gritou: &#8216;Vamos ter um acidente!&#8217;, contou Leo Hilger, chefe da comitiva, citado pelo L&#8217;\u00c9quipe. \u00abTodos baixaram a cabe\u00e7a para se protegerem. Cinquenta metros mais \u00e0 frente, havia um pilar de bet\u00e3o&#8230; Escap\u00e1mos por pouco da cat\u00e1strofe\u00bb, acrescentou.<\/p>\n<p style=\"text-align: justify\">\u00abOs primeiros socorros prestaram assist\u00eancia ao motorista, que tinha perdido a consci\u00eancia. Todos tinham peda\u00e7os de vidro na pele\u00bb, descreveu, explicando que na origem do sinistro ter\u00e1 estado uma indisposi\u00e7\u00e3o do condutor.<\/p>\n<p style=\"text-align: justify\">Do acidente resultaram oito feridos \u2014 quatro jogadores, tr\u00eas elementos da equipa t\u00e9cnica e o motorista \u2014, com quatro deles a serem transportados para o hospital de Scorff, em Lorient, para tratar queimaduras, cortes e dores nas costelas.<\/p>\n<p style=\"text-align: justify\">O Luxemburgo pediu o adiamento do encontro com Fran\u00e7a, junto da UEFA e da Federa\u00e7\u00e3o Francesa de Futebol, tendo o jogo sido remarcado para 3 de outubro de 2026.<\/p>\n","protected":false},"excerpt":{"rendered":"O autocarro que transportava a sele\u00e7\u00e3o sub-21 do Luxemburgo sofreu um aparatoso acidente de via\u00e7\u00e3o na quinta-feira \u00e0&hellip;\n","protected":false},"author":2,"featured_media":61095,"comment_status":"","ping_status":"","sticky":false,"template":"","format":"standard","meta":{"footnotes":""},"categories":[8],"tags":[27,28,15,16,14,25,26,21,22,12,13,19,20,32,23,24,33,17,18,29,30,31],"class_list":{"0":"post-61094","1":"post","2":"type-post","3":"status-publish","4":"format-standard","5":"has-post-thumbnail","7":"category-principais-noticias","8":"tag-breaking-news","9":"tag-breakingnews","10":"tag-featured-news","11":"tag-featurednews","12":"tag-headlines","13":"tag-latest-news","14":"tag-latestnews","15":"tag-main-news","16":"tag-mainnews","17":"tag-news","18":"tag-noticias","19":"tag-noticias-principais","20":"tag-noticiasprincipais","21":"tag-portugal","22":"tag-principais-noticias","23":"tag-principaisnoticias","24":"tag-pt","25":"tag-top-stories","26":"tag-topstories","27":"tag-ultimas","28":"tag-ultimas-noticias","29":"tag-ultimasnoticias"},"share_on_mastodon":{"url":"","error":""},"_links":{"self":[{"href":"https:\/\/www.europesays.com\/pt\/wp-json\/wp\/v2\/posts\/61094","targetHints":{"allow":["GET"]}}],"collection":[{"href":"https:\/\/www.europesays.com\/pt\/wp-json\/wp\/v2\/posts"}],"about":[{"href":"https:\/\/www.europesays.com\/pt\/wp-json\/wp\/v2\/types\/post"}],"author":[{"embeddable":true,"href":"https:\/\/www.europesays.com\/pt\/wp-json\/wp\/v2\/users\/2"}],"replies":[{"embeddable":true,"href":"https:\/\/www.europesays.com\/pt\/wp-json\/wp\/v2\/comments?post=61094"}],"version-history":[{"count":0,"href":"https:\/\/www.europesays.com\/pt\/wp-json\/wp\/v2\/posts\/61094\/revisions"}],"wp:featuredmedia":[{"embeddable":true,"href":"https:\/\/www.europesays.com\/pt\/wp-json\/wp\/v2\/media\/61095"}],"wp:attachment":[{"href":"https:\/\/www.europesays.com\/pt\/wp-json\/wp\/v2\/media?parent=61094"}],"wp:term":[{"taxonomy":"category","embeddable":true,"href":"https:\/\/www.europesays.com\/pt\/wp-json\/wp\/v2\/categories?post=61094"},{"taxonomy":"post_tag","embeddable":true,"href":"https:\/\/www.europesays.com\/pt\/wp-json\/wp\/v2\/tags?post=61094"}],"curies":[{"name":"wp","href":"https:\/\/api.w.org\/{rel}","templated":true}]}}