{"id":61100,"date":"2025-09-06T15:14:09","date_gmt":"2025-09-06T15:14:09","guid":{"rendered":"https:\/\/www.europesays.com\/pt\/61100\/"},"modified":"2025-09-06T15:14:09","modified_gmt":"2025-09-06T15:14:09","slug":"vale-tudo-casamento-de-odete-e-cesar-tem-clima-tenso-05-09-2025-televisao","status":"publish","type":"post","link":"https:\/\/www.europesays.com\/pt\/61100\/","title":{"rendered":"&#8216;Vale Tudo&#8217;: Casamento de Odete e Cesar tem clima tenso &#8211; 05\/09\/2025 &#8211; Televis\u00e3o"},"content":{"rendered":"<p>\n<strong class=\"c-signature__location\">Rio de Janeiro<\/strong>\n<\/p>\n<p>Odete Roitman (<a href=\"https:\/\/f5.folha.uol.com.br\/televisao\/2025\/08\/marco-aurelio-e-mario-sergio-se-unem-para-derrubar-odete-em-vale-tudo.shtml\" rel=\"nofollow noopener\" target=\"\">Debora Bloch<\/a>) sabia que o casamento com C\u00e9sar Ribeiro (<a href=\"https:\/\/www1.folha.uol.com.br\/folha-topicos\/caua-reymond\/\" rel=\"nofollow noopener\" target=\"\">Cau\u00e3 Reymond<\/a>) n\u00e3o seria uma cerim\u00f4nia tranquila, mas o que a dona da TCA n\u00e3o imaginava era que haveria tanta confus\u00e3o. Nas cenas previstas para ir ao ar nos pr\u00f3ximos cap\u00edtulos de<a href=\"https:\/\/www1.folha.uol.com.br\/folha-topicos\/vale-tudo-novela\/\" rel=\"nofollow noopener\" target=\"\"> &#8220;Vale Tudo&#8221;,<\/a> os noivos chegam juntos \u00e0 cerim\u00f4nia, realizada <a href=\"https:\/\/f5.folha.uol.com.br\/televisao\/2025\/08\/malu-galli-nega-que-tenha-sido-hostilizada-em-gravacoes-de-vale-tudo.shtml\" rel=\"nofollow noopener\" target=\"\">na casa de Celina (Malu Galli) para poucos convidados.<\/a><\/p>\n","protected":false},"excerpt":{"rendered":"Rio de Janeiro Odete Roitman (Debora Bloch) sabia que o casamento com C\u00e9sar Ribeiro (Cau\u00e3 Reymond) n\u00e3o seria&hellip;\n","protected":false},"author":2,"featured_media":61101,"comment_status":"","ping_status":"","sticky":false,"template":"","format":"standard","meta":{"footnotes":""},"categories":[142],"tags":[219,7550,211,223,2324,114,115,224,225,226,753,221,220,222,2931,32,33,218,228,151,2930,227],"class_list":{"0":"post-61100","1":"post","2":"type-post","3":"status-publish","4":"format-standard","5":"has-post-thumbnail","7":"category-tv","8":"tag-bichos","9":"tag-cau-reymond","10":"tag-celebridades","11":"tag-colunistas","12":"tag-debora-bloch","13":"tag-entertainment","14":"tag-entretenimento","15":"tag-estranho","16":"tag-eu-amo","17":"tag-fofices","18":"tag-globo","19":"tag-horoscopo","20":"tag-humanos","21":"tag-humor","22":"tag-novela","23":"tag-portugal","24":"tag-pt","25":"tag-televisao","26":"tag-tudo","27":"tag-tv","28":"tag-vale-tudo-novela","29":"tag-videos"},"share_on_mastodon":{"url":"","error":""},"_links":{"self":[{"href":"https:\/\/www.europesays.com\/pt\/wp-json\/wp\/v2\/posts\/61100","targetHints":{"allow":["GET"]}}],"collection":[{"href":"https:\/\/www.europesays.com\/pt\/wp-json\/wp\/v2\/posts"}],"about":[{"href":"https:\/\/www.europesays.com\/pt\/wp-json\/wp\/v2\/types\/post"}],"author":[{"embeddable":true,"href":"https:\/\/www.europesays.com\/pt\/wp-json\/wp\/v2\/users\/2"}],"replies":[{"embeddable":true,"href":"https:\/\/www.europesays.com\/pt\/wp-json\/wp\/v2\/comments?post=61100"}],"version-history":[{"count":0,"href":"https:\/\/www.europesays.com\/pt\/wp-json\/wp\/v2\/posts\/61100\/revisions"}],"wp:featuredmedia":[{"embeddable":true,"href":"https:\/\/www.europesays.com\/pt\/wp-json\/wp\/v2\/media\/61101"}],"wp:attachment":[{"href":"https:\/\/www.europesays.com\/pt\/wp-json\/wp\/v2\/media?parent=61100"}],"wp:term":[{"taxonomy":"category","embeddable":true,"href":"https:\/\/www.europesays.com\/pt\/wp-json\/wp\/v2\/categories?post=61100"},{"taxonomy":"post_tag","embeddable":true,"href":"https:\/\/www.europesays.com\/pt\/wp-json\/wp\/v2\/tags?post=61100"}],"curies":[{"name":"wp","href":"https:\/\/api.w.org\/{rel}","templated":true}]}}