{"id":61116,"date":"2025-09-06T15:31:19","date_gmt":"2025-09-06T15:31:19","guid":{"rendered":"https:\/\/www.europesays.com\/pt\/61116\/"},"modified":"2025-09-06T15:31:19","modified_gmt":"2025-09-06T15:31:19","slug":"apos-renascer-bruno-luperi-desenvolve-nova-novela-para-a-globo-o-globo","status":"publish","type":"post","link":"https:\/\/www.europesays.com\/pt\/61116\/","title":{"rendered":"Ap\u00f3s &#039;Renascer&#039;, Bruno Luperi desenvolve nova novela para a Globo &#8211; O Globo"},"content":{"rendered":"<ol>\n<li><a href=\"https:\/\/news.google.com\/rss\/articles\/CBMiwwFBVV95cUxNTjdwYmc5ZDhpTjU5c3FDOVAxNWR5T1FSWFFWNkZTYlR4Qi02Yl9uV2xHblJCSWZDbHdoOUZWYXNpNU8yc1F1by0yRm1mOVBpbGg4MEI0TkVWZ0xuNnlaUUd6cVVjU3JiQldueXV1Y3VjQ3V3V0FFYjZaS2FITU5JNHdWSjdvLTFJUGZRRHdpTkhSZTAwaTJELWFaa3NEYTVwVTZGQlFnUklYemFRVmhQejVzbmtxdkM3ajNvNkQ3ajFYWVnSAdIBQVVfeXFMT2Nna0dxa0FhLWpSNlpBV1JvNFdRZTNCRHg1SXFtOHN3NmVoenFRcTliX2VKcC1ab1JqX1Y3amRMYUZITzFqaUhnNHhrTTJwUmN6ZGVDQ293bzgzNk1oR1JYZXYxMnBwUWtMVXdJZWtoQUZfNVZzTEExQ3B1NUZ6YVE0U3FONktBdmhISUNVc1BEQ0U0ODZzczFyT1ppamQxREMwNncyTjlpd21xSjNtYXM0bFBqZ1lHeGFldVJqaHMtX3lYM211c1ZSZWEyNnRtclBn?oc=5\" target=\"_blank\" rel=\"nofollow noopener\">Ap\u00f3s &#8216;Renascer&#8217;, Bruno Luperi desenvolve nova novela para a Globo<\/a>&nbsp;&nbsp;O Globo<\/li>\n<li><a href=\"https:\/\/news.google.com\/rss\/articles\/CBMizwFBVV95cUxQdHd6WGJ1NTBFSl8xb1Izd3hNalRwMk01U25WTXBFekZOOFd3MFU1dlgxUGZPVHJnemE5dHRYcm5NbmZZbHUzRjlicXI3b1ZsS3pqYW0tN2U5QzVKYV9iOTQtUzRsUWVhaFluc0VaTkpRcHZsV0lUVU9mU1IxYjU5djNqR1RzV0RDQzgxeVNUakV5MERibEp6RGNQelhsbDJCUU1qVWNaV2YzWHFxdlNzSUMtaENDeWxyZGI1MW1rd1ZUYnlvVExOaHRQTDVZdzjSAd4BQVVfeXFMT09Dc3l1YjlZcDRUYlVWXzZFQ1AtMnZrMHpHQlF6blhWeTlQaUE0djZDWlRnOXo4MENZTktTSFp6Nks4YlJ1b2s1M0RMZTl6bTdoWTBjdjdFc2JqU3B0N2dIeEdlekFFaWwzblpzbUZnTV9Nb2tPUWFuN0pKeXRZOUJaNVg0WTFlRFRpbElGaWJyQjZuMmVmRUx1enFnRFdwTHo3UjRQUnhlT2RIcjdaZGNWb0tiWEpUMkQtTUdpSG53Unh4VEJ5c0pYakFoRzZGZlVjZXExY2ltcDRSQWlB?oc=5\" target=\"_blank\" rel=\"nofollow noopener\">Os novos projetos de novelas dos autores de Renascer e Mania de Voc\u00ea na Globo<\/a>&nbsp;&nbsp;Not\u00edcias da TV<\/li>\n<li><a href=\"https:\/\/news.google.com\/rss\/articles\/CBMi1AFBVV95cUxPc3dyekpsR2x6a2dqV3VnellheXFOMWo5T3BmQ2FpSkZiOGFmbFZ0YXVrNElPTjI0Y1Y1YUhMVEZoUUNQLUhkUlpaQkxaSmUxUEZPRGk2bms2VzFrWGxLa1JDdkpra2xTVWdJY243dnJPUm13SGVWYndCRllhVzZRd2Z1S1BrU3dUbW5iYmV3ZWJjd3ZVek1RTGtFT1BYc2hjX29aUmUzSlJUQ3RhRzlKZ0V0NmhhUm1iMTM5N1FidEhMZDNEeXBPOFhnam1SQlFoMlZneA?oc=5\" target=\"_blank\" rel=\"nofollow noopener\">Jo\u00e3o Emanuel Carneiro desenvolve nova novela das nove da Globo ap\u00f3s \u2018Mania de Voc\u00ea\u2019<\/a>&nbsp;&nbsp;O TEMPO<\/li>\n<li><a href=\"https:\/\/news.google.com\/rss\/articles\/CBMi-gFBVV95cUxQZHJ1OFZ4a0lsbjhuTEtYbEluZUt4YWozUlBLa01vSjNZbTZtcHV5YXdmT1F4RktkbVR1UjFfQ3UzYVlZN0pnM0dGMWJKQmRaYU5jWFpsMHhscFl4MjVmSVFoQmN5WE5HN3ZoRDBobS11U0hFbTlGQTBqY2lzaTgzaURuOEhUZENDRzU0OWlFNFU1UlZUT1dDemhfRUF0XzZicFp2NDdXUEZnNF8zdmFoRlZUVFgxVnczRlpYdVJSaFNFc3NCaG5DOXRKUzAzaEJSM3lPbTdNaW9MZTdDSktnM2k2cFZaTmtnWWdSQzY3YjIyOG53V1FaQW5B?oc=5\" target=\"_blank\" rel=\"nofollow noopener\">Autor do remake de Pantanal tem primeira novela in\u00e9dita aprovada para hor\u00e1rio das 9<\/a>&nbsp;&nbsp;Terra<\/li>\n<li><a href=\"https:\/\/news.google.com\/rss\/articles\/CBMivwFBVV95cUxQVXd6U3hyUXZOcU82SVlwY2pLLUJ4cUlQd2lwOVAxa0tMM2VhMkxfSWNKLXBCcHdCQkE0QWoyeHpqRVg3VmlnR0wxNWpKakdJSE5CN0NRRS1KbE9VdXVBTUpRaDM1ckY2Q1FNdl9fMU5TbF9qMWVXN1g1bllrdXhPelVlVVJGOENzbWtXMFZYLUFidW5wSlhuRDVMRzVjVng5U2hrbVhxZlVjZldnVzlnSk4xWVVuWFp6ZE5ac2owMNIBxAFBVV95cUxPckFhMkxxaXRYalFoeUt1Q1paNTVQVG9tTVN4VjRkYWFfZXR0V0tDQWExcV94cUVvcmlTUHE1VFN4bDBhM0ViVjhpbkRIM0d2UVF5RFlHUXdNSHhtdEFqZjItSzUxb1FEUGREbDBMVWVuRm44MHFFZmFQS2x4cEJtaG9QaFFJaEdBaExuWmdoVDdMendIbUxvb0trd0pvVmw2Qm9ZekRiZ2g0ZXpqblZ3OHJSdGRRS0hlbUwwRWNXMGZoSHJ0?oc=5\" target=\"_blank\" rel=\"nofollow noopener\">O estado \u00e9 de aten\u00e7\u00e3o no principal hor\u00e1rio de novelas da Globo<\/a>&nbsp;&nbsp;Bem Paran\u00e1<\/li>\n<\/ol>\n","protected":false},"excerpt":{"rendered":"Ap\u00f3s &#8216;Renascer&#8217;, Bruno Luperi desenvolve nova novela para a Globo&nbsp;&nbsp;O Globo Os novos projetos de novelas dos autores&hellip;\n","protected":false},"author":2,"featured_media":61117,"comment_status":"","ping_status":"","sticky":false,"template":"","format":"standard","meta":{"footnotes":""},"categories":[142],"tags":[3183,6311,17139,1718,114,115,3179,17141,9116,17140,32,33,8528,679,3185,9115,4376,151,2323,2154,8479,6903],"class_list":{"0":"post-61116","1":"post","2":"type-post","3":"status-publish","4":"format-standard","5":"has-post-thumbnail","7":"category-tv","8":"tag-aguinaldo-silva","9":"tag-benedito-ruy-barbosa","10":"tag-bruno-luperi","11":"tag-dona-de-mim","12":"tag-entertainment","13":"tag-entretenimento","14":"tag-globoplay","15":"tag-mario-teixeira","16":"tag-o-tempo-nao-para","17":"tag-pantanal-2022","18":"tag-portugal","19":"tag-pt","20":"tag-renascer","21":"tag-reportagem","22":"tag-ricardo-linhares","23":"tag-segunda-chamada","24":"tag-tres-gracas","25":"tag-tv","26":"tag-tv-globo","27":"tag-vale-tudo","28":"tag-velho-chico","29":"tag-walcyr-carrasco"},"share_on_mastodon":{"url":"","error":""},"_links":{"self":[{"href":"https:\/\/www.europesays.com\/pt\/wp-json\/wp\/v2\/posts\/61116","targetHints":{"allow":["GET"]}}],"collection":[{"href":"https:\/\/www.europesays.com\/pt\/wp-json\/wp\/v2\/posts"}],"about":[{"href":"https:\/\/www.europesays.com\/pt\/wp-json\/wp\/v2\/types\/post"}],"author":[{"embeddable":true,"href":"https:\/\/www.europesays.com\/pt\/wp-json\/wp\/v2\/users\/2"}],"replies":[{"embeddable":true,"href":"https:\/\/www.europesays.com\/pt\/wp-json\/wp\/v2\/comments?post=61116"}],"version-history":[{"count":0,"href":"https:\/\/www.europesays.com\/pt\/wp-json\/wp\/v2\/posts\/61116\/revisions"}],"wp:featuredmedia":[{"embeddable":true,"href":"https:\/\/www.europesays.com\/pt\/wp-json\/wp\/v2\/media\/61117"}],"wp:attachment":[{"href":"https:\/\/www.europesays.com\/pt\/wp-json\/wp\/v2\/media?parent=61116"}],"wp:term":[{"taxonomy":"category","embeddable":true,"href":"https:\/\/www.europesays.com\/pt\/wp-json\/wp\/v2\/categories?post=61116"},{"taxonomy":"post_tag","embeddable":true,"href":"https:\/\/www.europesays.com\/pt\/wp-json\/wp\/v2\/tags?post=61116"}],"curies":[{"name":"wp","href":"https:\/\/api.w.org\/{rel}","templated":true}]}}