{"id":61122,"date":"2025-09-06T15:34:09","date_gmt":"2025-09-06T15:34:09","guid":{"rendered":"https:\/\/www.europesays.com\/pt\/61122\/"},"modified":"2025-09-06T15:34:09","modified_gmt":"2025-09-06T15:34:09","slug":"benfica-fecha-contratacao-para-o-meio-campo-depois-de-2-contrariedades","status":"publish","type":"post","link":"https:\/\/www.europesays.com\/pt\/61122\/","title":{"rendered":"Benfica fecha contrata\u00e7\u00e3o para o meio-campo depois de 2 contrariedades"},"content":{"rendered":"<p>O Benfica vai refor\u00e7ar o meio-campo da equipa feminina \u00e0s ordens de Ivan Baptista. De acordo com o jornal A Bola, Carissa Boeckman\u00a0dever\u00e1 ser oficializada pelas \u00e1guias na pr\u00f3xima semana, estando o neg\u00f3cio muito bem encaminhado.<\/p>\n<p>Aos 22 anos, Carissa Boeckman\u00a0prepara-se para deixar os EUA e jogar na Europa pela primeira vez. Esta \u00e9poca, a m\u00e9dia de 22 anos fez um jogo pelos Portland Thorns nos quais somou uma assist\u00eancia.<\/p>\n<p>O meio-campo \u00e9 uma zona cr\u00edtica para o Benfica que se viu, de uma \u00e9poca para a outra, sem Andreia Norton,<a href=\"https:\/\/bolanarede.pt\/especial-bola-na-rede\/atualidade\/benfica-comunica-lesao-de-andreia-norton-jogadora-em-risco-de-nao-jogar-em-2025-26\/\" target=\"_blank\" rel=\"noreferrer noopener nofollow\"> lesionada gravemente<\/a>, e Andreia Faria, j\u00e1<a href=\"https:\/\/bolanarede.pt\/especial-bola-na-rede\/atualidade\/al-nassr-confirma-contratacao-de-andreia-faria-ao-benfica\/\" target=\"_blank\" rel=\"noreferrer noopener nofollow\"> oficializada como nova jogadora do Al Nassr<\/a>. <\/p>\n<p><img fetchpriority=\"high\" decoding=\"async\" width=\"1024\" height=\"577\" src=\"data:image\/svg+xml,%3Csvg%20xmlns=\" http:=\"\" alt=\"Carissa Boeckman\u00a0Portland Thorns\" class=\"wp-image-431652 ewww_webp_lazy_load\" data-lazy- data-lazy- data-lazy-src=\"https:\/\/www.europesays.com\/pt\/wp-content\/uploads\/2025\/09\/Carissa-Boeckman-Portland-Thorns-1024x577.jpg\" data-lazy-src-webp=\"https:\/\/www.europesays.com\/pt\/wp-content\/uploads\/2025\/09\/Carissa-Boeckman-Portland-Thorns-1024x577.jpg.webp\" data-lazy-srcset-webp=\"https:\/\/www.europesays.com\/pt\/wp-content\/uploads\/2025\/09\/Carissa-Boeckman-Portland-Thorns-1024x577.jpg.webp 1024w, https:\/\/binny-bolanarede.b-cdn.net\/wp-content\/uploads\/2025\/09\/Carissa-Boeckman-Portland-Thorns-300x169.jpg.webp 300w, https:\/\/binny-bolanarede.b-cdn.net\/wp-content\/uploads\/2025\/09\/Carissa-Boeckman-Portland-Thorns-768x432.jpg.webp 768w, https:\/\/binny-bolanarede.b-cdn.net\/wp-content\/uploads\/2025\/09\/Carissa-Boeckman-Portland-Thorns-1536x865.jpg.webp 1536w, https:\/\/binny-bolanarede.b-cdn.net\/wp-content\/uploads\/2025\/09\/Carissa-Boeckman-Portland-Thorns-150x84.jpg.webp 150w, https:\/\/binny-bolanarede.b-cdn.net\/wp-content\/uploads\/2025\/09\/Carissa-Boeckman-Portland-Thorns-696x392.jpg.webp 696w, https:\/\/binny-bolanarede.b-cdn.net\/wp-content\/uploads\/2025\/09\/Carissa-Boeckman-Portland-Thorns-1068x601.jpg.webp 1068w, https:\/\/binny-bolanarede.b-cdn.net\/wp-content\/uploads\/2025\/09\/Carissa-Boeckman-Portland-Thorns.jpg.webp 1600w\"\/>Fonte: Portland Thorns FC<\/p>\n","protected":false},"excerpt":{"rendered":"O Benfica vai refor\u00e7ar o meio-campo da equipa feminina \u00e0s ordens de Ivan Baptista. De acordo com o&hellip;\n","protected":false},"author":2,"featured_media":61123,"comment_status":"","ping_status":"","sticky":false,"template":"","format":"standard","meta":{"footnotes":""},"categories":[87],"tags":[260,51,17142,17143,135,17144,32,17145,33,134],"class_list":{"0":"post-61122","1":"post","2":"type-post","3":"status-publish","4":"format-standard","5":"has-post-thumbnail","7":"category-desporto","8":"tag-atualidade","9":"tag-benfica","10":"tag-benfica-feminino","11":"tag-carissa-boeckman","12":"tag-desporto","13":"tag-portland-thorns","14":"tag-portugal","15":"tag-primeira-liga-feminina","16":"tag-pt","17":"tag-sports"},"share_on_mastodon":{"url":"","error":""},"_links":{"self":[{"href":"https:\/\/www.europesays.com\/pt\/wp-json\/wp\/v2\/posts\/61122","targetHints":{"allow":["GET"]}}],"collection":[{"href":"https:\/\/www.europesays.com\/pt\/wp-json\/wp\/v2\/posts"}],"about":[{"href":"https:\/\/www.europesays.com\/pt\/wp-json\/wp\/v2\/types\/post"}],"author":[{"embeddable":true,"href":"https:\/\/www.europesays.com\/pt\/wp-json\/wp\/v2\/users\/2"}],"replies":[{"embeddable":true,"href":"https:\/\/www.europesays.com\/pt\/wp-json\/wp\/v2\/comments?post=61122"}],"version-history":[{"count":0,"href":"https:\/\/www.europesays.com\/pt\/wp-json\/wp\/v2\/posts\/61122\/revisions"}],"wp:featuredmedia":[{"embeddable":true,"href":"https:\/\/www.europesays.com\/pt\/wp-json\/wp\/v2\/media\/61123"}],"wp:attachment":[{"href":"https:\/\/www.europesays.com\/pt\/wp-json\/wp\/v2\/media?parent=61122"}],"wp:term":[{"taxonomy":"category","embeddable":true,"href":"https:\/\/www.europesays.com\/pt\/wp-json\/wp\/v2\/categories?post=61122"},{"taxonomy":"post_tag","embeddable":true,"href":"https:\/\/www.europesays.com\/pt\/wp-json\/wp\/v2\/tags?post=61122"}],"curies":[{"name":"wp","href":"https:\/\/api.w.org\/{rel}","templated":true}]}}