{"id":61144,"date":"2025-09-06T16:00:42","date_gmt":"2025-09-06T16:00:42","guid":{"rendered":"https:\/\/www.europesays.com\/pt\/61144\/"},"modified":"2025-09-06T16:00:42","modified_gmt":"2025-09-06T16:00:42","slug":"nao-aceito-que-portugal-esteja-a-dar-nacionalidade-a-cidadaos-de-israel-num-momento-em-que-israel-recusa-quaisquer-direitos-a-populacao-palestiniana-miguel-sousa-tavares","status":"publish","type":"post","link":"https:\/\/www.europesays.com\/pt\/61144\/","title":{"rendered":"&#8220;N\u00e3o aceito que Portugal esteja a dar nacionalidade a cidad\u00e3os de Israel num momento em que Israel recusa quaisquer direitos \u00e0 popula\u00e7\u00e3o palestiniana&#8221;: Miguel Sousa Tavares"},"content":{"rendered":"<p>\t                Por outro lado: &#8220;H\u00e1 coisas muito mais importantes que Portugal deveria reparar. Desde logo, a sua presen\u00e7a em \u00c1frica&#8221;<\/p>\n<p style=\"margin-bottom:11px\">Miguel Sousa Tavares est\u00e1 contra a prorroga\u00e7\u00e3o do mecanismo que concede a atribui\u00e7\u00e3o da cidadania portuguesa a descendentes de judeus sefarditas expulsos de Portugal por D. Manuel I. O comentador da TVI (do mesmo grupo da CNN Portugal) afirma que o fundamento hist\u00f3rico para a atribui\u00e7\u00e3o da nacionalidade \u00e9 \u201cdif\u00edcil de provar\u201d.<\/p>\n<p>\u201cSe estiv\u00e9ssemos a falar de tr\u00eas gera\u00e7\u00f5es, quatro\u2026 agora, em 500 anos, de quantas gera\u00e7\u00f5es estamos a falar? De umas 150? N\u00e3o tem o menor cabimento. \u00c9 por isso que o Abramovich e outros que tal viraram portugueses. Esse j\u00e1 tinha sido naturalizado israelita e virou portugu\u00eas\u201d, argumenta Miguel Sousa Tavares.<\/p>\n<p>\u201cSe criticamos, e eu critico, a mania da repara\u00e7\u00e3o hist\u00f3rica de tudo o que ficou para tr\u00e1s, h\u00e1 coisas muito mais importantes que Portugal deveria reparar. Desde logo, a sua presen\u00e7a em \u00c1frica. Se um cidad\u00e3o dos PALOP, como est\u00e1 previsto na lei, precisa de 10 anos de resid\u00eancia em Portugal, porque \u00e9 que agora os sefarditas precisam apenas de um ano? Se estamos a falar de povos que foram expulsos daqui, porque \u00e9 que nos concentramos nos judeus? E se os mouros se lembram de dizer que foram expulsos daqui? Vamos ter os marroquinos e mauritanos a pedir a nacionalidade?\u201d<\/p>\n<p>Miguel Sousa Tavares afirma que o este l\u00f3bi tem muito poder em Portugal, evidenciado pelo n\u00e3o reconhecimento do Estado da Palestina por parte do nosso pa\u00eds. \u201cMas a minha principal obje\u00e7\u00e3o nem \u00e9 jur\u00eddica nem hist\u00f3rica, \u00e9 pol\u00edtica. Eu n\u00e3o aceito que Portugal esteja a dar a nacionalidade a pessoas que dizem que s\u00e3o descendentes de portugueses e que s\u00e3o cidad\u00e3os de Israel num momento em que Israel recusa quaisquer direitos civis, humanos e pol\u00edticos \u00e0 popula\u00e7\u00e3o palestiniana\u201d, justifica o comentador, que lembra tamb\u00e9m como o processo funcionava anteriormente.<\/p>\n<p>\u201cAt\u00e9 2024 era a total bandalheira. N\u00e3o havia restri\u00e7\u00e3o nenhuma, bastava um certificado passado pela Comunidade Israelita do Porto ou de Lisboa a dizer que fulano era descendente dos expulsos pelo D. Manuel I e a pessoa podia ter a nacionalidade portuguesa automaticamente. Achei que foi absolutamente extraordin\u00e1rio, deu lugar a v\u00e1rias batotas com dinheiros na comunidade do Porto\u201d, considera.<\/p>\n<p>\u201cComo \u00e9 que se consegue demonstrar que um tipo que se chame Abraham Rodrigues tem alguma coisa que ver com os que foram expulsos daqui pelo D. Manuel? \u00c9 que depois eles foram para a Flandres, para a Holanda, onde prosperaram. Da\u00ed foram para o Brasil, para o Pernambuco. E da\u00ed fundaram Nova Iorque, olha que engra\u00e7ado. Ent\u00e3o, os descendentes deles foram expulsos exatamente de onde? E at\u00e9 onde \u00e9 que isto recua?\u201d<\/p>\n","protected":false},"excerpt":{"rendered":"Por outro lado: &#8220;H\u00e1 coisas muito mais importantes que Portugal deveria reparar. Desde logo, a sua presen\u00e7a em&hellip;\n","protected":false},"author":2,"featured_media":61145,"comment_status":"","ping_status":"","sticky":false,"template":"","format":"standard","meta":{"footnotes":""},"categories":[8],"tags":[609,836,611,27,28,607,608,333,17151,832,604,135,610,476,15,16,301,830,14,259,9244,17150,603,25,26,570,21,22,831,833,62,15579,15581,834,12,13,19,20,835,602,431,914,52,32,23,24,33,17149,17,18,29,30,31],"class_list":{"0":"post-61144","1":"post","2":"type-post","3":"status-publish","4":"format-standard","5":"has-post-thumbnail","7":"category-principais-noticias","8":"tag-alerta","9":"tag-analise","10":"tag-ao-minuto","11":"tag-breaking-news","12":"tag-breakingnews","13":"tag-cnn","14":"tag-cnn-portugal","15":"tag-comentadores","16":"tag-comunidade-israelita-do-porto","17":"tag-costa","18":"tag-crime","19":"tag-desporto","20":"tag-direto","21":"tag-economia","22":"tag-featured-news","23":"tag-featurednews","24":"tag-governo","25":"tag-guerra","26":"tag-headlines","27":"tag-israel","28":"tag-judeus","29":"tag-judeus-sefarditas","30":"tag-justica","31":"tag-latest-news","32":"tag-latestnews","33":"tag-live","34":"tag-main-news","35":"tag-mainnews","36":"tag-mais-vistas","37":"tag-marcelo","38":"tag-mundo","39":"tag-nacionalidade","40":"tag-nacionalidade-portuguesa","41":"tag-negocios","42":"tag-news","43":"tag-noticias","44":"tag-noticias-principais","45":"tag-noticiasprincipais","46":"tag-opiniao","47":"tag-pais","48":"tag-palestina","49":"tag-palestinianos","50":"tag-politica","51":"tag-portugal","52":"tag-principais-noticias","53":"tag-principaisnoticias","54":"tag-pt","55":"tag-sefarditas","56":"tag-top-stories","57":"tag-topstories","58":"tag-ultimas","59":"tag-ultimas-noticias","60":"tag-ultimasnoticias"},"share_on_mastodon":{"url":"","error":""},"_links":{"self":[{"href":"https:\/\/www.europesays.com\/pt\/wp-json\/wp\/v2\/posts\/61144","targetHints":{"allow":["GET"]}}],"collection":[{"href":"https:\/\/www.europesays.com\/pt\/wp-json\/wp\/v2\/posts"}],"about":[{"href":"https:\/\/www.europesays.com\/pt\/wp-json\/wp\/v2\/types\/post"}],"author":[{"embeddable":true,"href":"https:\/\/www.europesays.com\/pt\/wp-json\/wp\/v2\/users\/2"}],"replies":[{"embeddable":true,"href":"https:\/\/www.europesays.com\/pt\/wp-json\/wp\/v2\/comments?post=61144"}],"version-history":[{"count":0,"href":"https:\/\/www.europesays.com\/pt\/wp-json\/wp\/v2\/posts\/61144\/revisions"}],"wp:featuredmedia":[{"embeddable":true,"href":"https:\/\/www.europesays.com\/pt\/wp-json\/wp\/v2\/media\/61145"}],"wp:attachment":[{"href":"https:\/\/www.europesays.com\/pt\/wp-json\/wp\/v2\/media?parent=61144"}],"wp:term":[{"taxonomy":"category","embeddable":true,"href":"https:\/\/www.europesays.com\/pt\/wp-json\/wp\/v2\/categories?post=61144"},{"taxonomy":"post_tag","embeddable":true,"href":"https:\/\/www.europesays.com\/pt\/wp-json\/wp\/v2\/tags?post=61144"}],"curies":[{"name":"wp","href":"https:\/\/api.w.org\/{rel}","templated":true}]}}