{"id":61158,"date":"2025-09-06T16:13:13","date_gmt":"2025-09-06T16:13:13","guid":{"rendered":"https:\/\/www.europesays.com\/pt\/61158\/"},"modified":"2025-09-06T16:13:13","modified_gmt":"2025-09-06T16:13:13","slug":"bebe-com-marcas-de-corda-no-pescoco-morre-apos-brincadeira-entre-irmaos-viana-do-castelo","status":"publish","type":"post","link":"https:\/\/www.europesays.com\/pt\/61158\/","title":{"rendered":"Beb\u00e9 com marcas de corda no pesco\u00e7o morre ap\u00f3s brincadeira entre irm\u00e3os | Viana do Castelo"},"content":{"rendered":"<p>Um beb\u00e9 de 18 meses morreu, esta sexta-feira, no Lugar de Tr\u00e1s-\u00c2ncora, em S\u00e3o Louren\u00e7o da Montaria, Viana do Castelo, avan\u00e7a o Jornal de Not\u00edcias\u200b. A Guarda Nacional Republicana (GNR) encontrou o beb\u00e9 em paragem cardiorrespirat\u00f3ria, com marcas de corda no pesco\u00e7o, consequ\u00eancia, alegadamente, de uma brincadeira entre irm\u00e3os.<\/p>\n<p>A GNR foi chamada ao local, depois de um alerta por volta das 19 horas, mas j\u00e1 encontrou a crian\u00e7a em paragem cardiorrespirat\u00f3ria. Os primeiros socorros foram prestados pelos Bombeiros Sapadores de Viana do Castelo. O \u00f3bito foi declarado no local pelas 20h, pela equipa da Viatura M\u00e9dica de Emerg\u00eancia e Reanima\u00e7\u00e3o (VMER) do Alto Minho, acrescenta a SIC.<\/p>\n<p>Para o local foram mobilizados os meios dos Bombeiros Sapadores e Volunt\u00e1rios de Viana do Castelo, a VMER, uma unidade m\u00f3vel de interven\u00e7\u00e3o psicol\u00f3gica em emerg\u00eancia (UMIP) do INEM, a GNR e a PJ. A opera\u00e7\u00e3o empenhou onze operacionais e seis viaturas.<\/p>\n<p>Os ind\u00edcios apontam para uma morte acidental, alegadamente provocada por uma brincadeira entre irm\u00e3os. Contudo, a Pol\u00edcia Judici\u00e1ria (PJ) de Braga foi chamada ao local e o caso dever\u00e1 ser participado \u00e0 Comiss\u00e3o de Protec\u00e7\u00e3o de Crian\u00e7as e Jovens (<a href=\"https:\/\/www.publico.pt\/2025\/09\/03\/sociedade\/noticia\/cpcj-admitem-fechar-portas-inundar-tribunais-processos-2145920\" target=\"_blank\" rel=\"nofollow noopener\">CPCJ<\/a>).<\/p>\n<p>O jornal mencionado adianta que se trata de um menino filho de um casal franc\u00eas &#8220;que reside h\u00e1 cerca de um ano em Portugal&#8221;.<\/p>\n","protected":false},"excerpt":{"rendered":"Um beb\u00e9 de 18 meses morreu, esta sexta-feira, no Lugar de Tr\u00e1s-\u00c2ncora, em S\u00e3o Louren\u00e7o da Montaria, Viana&hellip;\n","protected":false},"author":2,"featured_media":61159,"comment_status":"","ping_status":"","sticky":false,"template":"","format":"standard","meta":{"footnotes":""},"categories":[10],"tags":[27,28,838,15,16,2002,14,7923,25,26,21,22,1437,12,13,19,20,542,2445,32,23,24,33,58,17,18,29,30,31,3105],"class_list":{"0":"post-61158","1":"post","2":"type-post","3":"status-publish","4":"format-standard","5":"has-post-thumbnail","7":"category-portugal","8":"tag-breaking-news","9":"tag-breakingnews","10":"tag-criancas","11":"tag-featured-news","12":"tag-featurednews","13":"tag-gnr","14":"tag-headlines","15":"tag-inem","16":"tag-latest-news","17":"tag-latestnews","18":"tag-main-news","19":"tag-mainnews","20":"tag-morte","21":"tag-news","22":"tag-noticias","23":"tag-noticias-principais","24":"tag-noticiasprincipais","25":"tag-para-redes","26":"tag-policia-judiciaria","27":"tag-portugal","28":"tag-principais-noticias","29":"tag-principaisnoticias","30":"tag-pt","31":"tag-sociedade","32":"tag-top-stories","33":"tag-topstories","34":"tag-ultimas","35":"tag-ultimas-noticias","36":"tag-ultimasnoticias","37":"tag-viana-do-castelo"},"share_on_mastodon":{"url":"","error":""},"_links":{"self":[{"href":"https:\/\/www.europesays.com\/pt\/wp-json\/wp\/v2\/posts\/61158","targetHints":{"allow":["GET"]}}],"collection":[{"href":"https:\/\/www.europesays.com\/pt\/wp-json\/wp\/v2\/posts"}],"about":[{"href":"https:\/\/www.europesays.com\/pt\/wp-json\/wp\/v2\/types\/post"}],"author":[{"embeddable":true,"href":"https:\/\/www.europesays.com\/pt\/wp-json\/wp\/v2\/users\/2"}],"replies":[{"embeddable":true,"href":"https:\/\/www.europesays.com\/pt\/wp-json\/wp\/v2\/comments?post=61158"}],"version-history":[{"count":0,"href":"https:\/\/www.europesays.com\/pt\/wp-json\/wp\/v2\/posts\/61158\/revisions"}],"wp:featuredmedia":[{"embeddable":true,"href":"https:\/\/www.europesays.com\/pt\/wp-json\/wp\/v2\/media\/61159"}],"wp:attachment":[{"href":"https:\/\/www.europesays.com\/pt\/wp-json\/wp\/v2\/media?parent=61158"}],"wp:term":[{"taxonomy":"category","embeddable":true,"href":"https:\/\/www.europesays.com\/pt\/wp-json\/wp\/v2\/categories?post=61158"},{"taxonomy":"post_tag","embeddable":true,"href":"https:\/\/www.europesays.com\/pt\/wp-json\/wp\/v2\/tags?post=61158"}],"curies":[{"name":"wp","href":"https:\/\/api.w.org\/{rel}","templated":true}]}}