{"id":61162,"date":"2025-09-06T16:15:10","date_gmt":"2025-09-06T16:15:10","guid":{"rendered":"https:\/\/www.europesays.com\/pt\/61162\/"},"modified":"2025-09-06T16:15:10","modified_gmt":"2025-09-06T16:15:10","slug":"taylor-swift-frustra-brasileiros-e-nao-aparece-no-jogo-do-noivo-travis-kelce-em-sp","status":"publish","type":"post","link":"https:\/\/www.europesays.com\/pt\/61162\/","title":{"rendered":"Taylor Swift frustra brasileiros e n\u00e3o aparece no jogo do noivo Travis Kelce em SP"},"content":{"rendered":"<p data-component-name=\"paragraph\" class=\"styles__ParagraphStyled-sc-6adecn-0 cWrRiu  \">Contrariando expectativas, <a href=\"https:\/\/www.estadao.com.br\/tudo-sobre\/taylor-swift\/\" target=\"_blank\" rel=\"nofollow noopener\" title=\"https:\/\/www.estadao.com.br\/tudo-sobre\/taylor-swift\/\"><strong>Taylor Swift<\/strong><\/a> n\u00e3o apareceu no jogo do noivo, <a href=\"https:\/\/www.estadao.com.br\/tudo-sobre\/travis-kelce\/\" target=\"_blank\" rel=\"nofollow noopener\" title=\"https:\/\/www.estadao.com.br\/tudo-sobre\/travis-kelce\/\"><strong>Travis Kelce<\/strong><\/a>, que aconteceu na noite desta sexta-feira, 5, em S\u00e3o Paulo.<\/p>\n<p data-component-name=\"paragraph\" class=\"styles__ParagraphStyled-sc-6adecn-0 cWrRiu  \">A cantora era esperada na <a href=\"https:\/\/www.estadao.com.br\/tudo-sobre\/neo-quimica-arena\/\" target=\"_blank\" rel=\"nofollow noopener\" title=\"https:\/\/www.estadao.com.br\/tudo-sobre\/neo-quimica-arena\/\"><strong>Neo Qu\u00edmica Arena<\/strong><\/a>. O <strong>Estad\u00e3o<\/strong> confirmou que havia uma opera\u00e7\u00e3o preparada em caso da chegada de Taylor ao est\u00e1dio &#8211; ela deveria chegar com o jogo j\u00e1 em curso. A ideia era fechar um elevador s\u00f3 para ela e a equipe, de forma a n\u00e3o chamar aten\u00e7\u00e3o. Nos corredores da arena, havia muitos coment\u00e1rios de seguran\u00e7as da Arena sobre a vinda de Taylor.<\/p>\n<p><img  loading=\"lazy\" class=\"lazy-load-img\"\/><\/p>\n<p>Taylor Swift era esperada no Brasil; na foto, ela performa durante show no Allianz Parque, em S\u00e3o Paulo, em 2023\u00a0Foto:  Taba Benedicto\/Estad\u00e3o<\/p>\n<p>No entanto, pouco antes do in\u00edcio da partida entre <a href=\"https:\/\/www.estadao.com.br\/tudo-sobre\/kansas-city-chiefs\/\" target=\"_blank\" rel=\"nofollow noopener\" title=\"https:\/\/www.estadao.com.br\/tudo-sobre\/kansas-city-chiefs\/\"><strong>Kansas City Chiefs<\/strong><\/a>, time de Kelce, e <a href=\"https:\/\/www.estadao.com.br\/tudo-sobre\/los-angeles-chargers\/\" target=\"_blank\" rel=\"nofollow noopener\" title=\"https:\/\/www.estadao.com.br\/tudo-sobre\/los-angeles-chargers\/\"><strong>Los Angeles Chargers<\/strong><\/a>, o site norte-americano TMZ, especializado em celebridades, publicou que a artista n\u00e3o viria ao Brasil. De acordo com a publica\u00e7\u00e3o, a decis\u00e3o n\u00e3o era uma surpresa, j\u00e1 que nenhuma das companheiras dos jogadores viria ao Pa\u00eds. <\/p>\n<p>Depois da not\u00edcia, um funcion\u00e1rio do Corinthians que estava com uma sacola cheia de camisas do time em frente ao camarote dos Chiefs deixou o andar. O momento foi presenciado pela reportagem. <\/p>\n<p data-component-name=\"paragraph\" class=\"styles__ParagraphStyled-sc-6adecn-0 cWrRiu  \">Durante a transmiss\u00e3o da GE TV, novo canal esportivo do Grupo Globo, o rep\u00f3rter Jos\u00e9 Renato Ambrosio, que mais cedo havia sido o primeiro a anunciar a vinda de Taylor, disse que a informa\u00e7\u00e3o havia sido confirmada por fontes ligadas \u00e0 organiza\u00e7\u00e3o do evento, e que inclusive havia pessoas esperando no heliponto da arena.<\/p>\n<p data-component-name=\"paragraph\" class=\"styles__ParagraphStyled-sc-6adecn-0 cWrRiu  \">A rep\u00f3rter Mariana Spinelli, tamb\u00e9m da Globo, tamb\u00e9m havia divulgado a chegada da diva pop. Ap\u00f3s ser criticada por f\u00e3s da \u2018loirinha\u2019, ela foi ao X (antigo Twitter) dizer que estava frustrada. \u201cPessoas importantes nos deram ok, nos confirmaram, gente de log\u00edstica de camarote\u201d, escreveu. <\/p>\n<p data-component-name=\"paragraph\" class=\"styles__ParagraphStyled-sc-6adecn-0 cWrRiu  \">O Corinthians, dono da arena, tamb\u00e9m havia feito um post nas redes sociais dizendo que estava \u201ctudo certo\u201d para a vinda de Taylor. <\/p>\n<p>A hist\u00f3ria do romance<\/p>\n<p><img  loading=\"lazy\" class=\"lazy-load-img\"\/><\/p>\n<p>Travis Kelce e Taylor Swift est\u00e3o juntos desde 2023\u00a0Foto:  TIMOTHY A. CLARY \/ AFP <\/p>\n<p data-component-name=\"paragraph\" class=\"styles__ParagraphStyled-sc-6adecn-0 cWrRiu  \">A cantora e o atleta come\u00e7aram a namorar em 2023. Desde ent\u00e3o, ela marca presen\u00e7a nos jogos do time do parceiro e ele a acompanhou em diversos shows da The Eras Tour.<\/p>\n<p data-component-name=\"paragraph\" class=\"styles__ParagraphStyled-sc-6adecn-0 cWrRiu  \">Os dois anunciaram o noivado no dia 26 de agosto. Essa seria a segunda apari\u00e7\u00e3o de Taylor Swift como noiva de Travis Kelce &#8211; a primeira foi quando ambos foram a um jogo do Cincinnati Bearcats, time da Universidade de Cincinnati, no fim de agosto.<\/p>\n","protected":false},"excerpt":{"rendered":"Contrariando expectativas, Taylor Swift n\u00e3o apareceu no jogo do noivo, Travis Kelce, que aconteceu na noite desta sexta-feira,&hellip;\n","protected":false},"author":2,"featured_media":61163,"comment_status":"","ping_status":"","sticky":false,"template":"","format":"standard","meta":{"footnotes":""},"categories":[145],"tags":[59,17155,211,210,114,115,15361,2085,17156,17157,15362,32,33,654,15363],"class_list":{"0":"post-61162","1":"post","2":"type-post","3":"status-publish","4":"format-standard","5":"has-post-thumbnail","7":"category-celebridades","8":"tag-acidente","9":"tag-batida-de-trens","10":"tag-celebridades","11":"tag-celebrities","12":"tag-entertainment","13":"tag-entretenimento","14":"tag-estadao","15":"tag-fotografia","16":"tag-metro","17":"tag-metrosp","18":"tag-photojournalism","19":"tag-portugal","20":"tag-pt","21":"tag-sao-paulo","22":"tag-taba-benedicto"},"share_on_mastodon":{"url":"","error":""},"_links":{"self":[{"href":"https:\/\/www.europesays.com\/pt\/wp-json\/wp\/v2\/posts\/61162","targetHints":{"allow":["GET"]}}],"collection":[{"href":"https:\/\/www.europesays.com\/pt\/wp-json\/wp\/v2\/posts"}],"about":[{"href":"https:\/\/www.europesays.com\/pt\/wp-json\/wp\/v2\/types\/post"}],"author":[{"embeddable":true,"href":"https:\/\/www.europesays.com\/pt\/wp-json\/wp\/v2\/users\/2"}],"replies":[{"embeddable":true,"href":"https:\/\/www.europesays.com\/pt\/wp-json\/wp\/v2\/comments?post=61162"}],"version-history":[{"count":0,"href":"https:\/\/www.europesays.com\/pt\/wp-json\/wp\/v2\/posts\/61162\/revisions"}],"wp:featuredmedia":[{"embeddable":true,"href":"https:\/\/www.europesays.com\/pt\/wp-json\/wp\/v2\/media\/61163"}],"wp:attachment":[{"href":"https:\/\/www.europesays.com\/pt\/wp-json\/wp\/v2\/media?parent=61162"}],"wp:term":[{"taxonomy":"category","embeddable":true,"href":"https:\/\/www.europesays.com\/pt\/wp-json\/wp\/v2\/categories?post=61162"},{"taxonomy":"post_tag","embeddable":true,"href":"https:\/\/www.europesays.com\/pt\/wp-json\/wp\/v2\/tags?post=61162"}],"curies":[{"name":"wp","href":"https:\/\/api.w.org\/{rel}","templated":true}]}}