{"id":61164,"date":"2025-09-06T16:18:20","date_gmt":"2025-09-06T16:18:20","guid":{"rendered":"https:\/\/www.europesays.com\/pt\/61164\/"},"modified":"2025-09-06T16:18:20","modified_gmt":"2025-09-06T16:18:20","slug":"jaime-leibovitch-fala-de-participacao-em-eta-mundo-melhor-como-novo-marido-de-sandra-e-da-vida-no-retiro-dos-artistas","status":"publish","type":"post","link":"https:\/\/www.europesays.com\/pt\/61164\/","title":{"rendered":"Jaime Leibovitch fala de participa\u00e7\u00e3o em &#8216;\u00cata mundo melhor!&#8217; como novo marido de Sandra e da vida no Retiro dos Artistas"},"content":{"rendered":"\n<p class=\" content-text__container theme-color-primary-first-letter\" data-track-category=\"Link no Texto\" data-track-links=\"\"> Jaime Leibovitch surgir\u00e1 nos pr\u00f3ximos cap\u00edtulos de &#8220;\u00cata mundo melhor&#8221; como o rico Bar\u00e3o Deschamps, que se casar\u00e1 com a vil\u00e3 Sandra (<a class=\"\" href=\"https:\/\/oglobo.globo.com\/tudo-sobre\/personalidade\/flavia-alessandra\/\" rel=\"nofollow noopener\" target=\"_blank\">Fl\u00e1via Alessandra<\/a>). O ator de 77 anos fala sobre o convite para a participa\u00e7\u00e3o: <\/p>\n<ul class=\"content-unordered-list\">\n<li><strong>Entrevista: <\/strong><a class=\"\" href=\"https:\/\/oglobo.globo.com\/play\/entrevistas\/noticia\/2025\/08\/02\/rui-rezende-ator-de-roque-santeiro-fala-de-novo-projeto-no-cinema-e-da-vida-no-retiro-dos-artistas-aos-86-anos-sei-que-minha-estrada-nao-e-muito-mais-longa.ghtml\" rel=\"nofollow noopener\" target=\"_blank\">Rui Rezende, ator de &#8216;Roque santeiro&#8217;, fala de novo projeto no cinema e da vida no Retiro dos Artistas aos 86 anos: &#8216;Sei que minha estrada n\u00e3o \u00e9 muito mais longa&#8217;<\/a><\/li>\n<li><strong>E mais: <\/strong><a class=\"\" href=\"https:\/\/oglobo.globo.com\/play\/noticia\/2025\/07\/20\/no-ar-em-historia-de-amor-ator-que-tambem-foi-da-escolinha-do-professor-raimundo-leva-vida-longe-dos-holofotes-no-retiro-dos-artistas.ghtml\" rel=\"nofollow noopener\" target=\"_blank\">Ator de \u2018Hist\u00f3ria de amor\u2019 e da \u2018Escolinha do Professor Raimundo\u2019 leva vida longe dos holofotes no Retiro dos Artistas<\/a><\/li>\n<\/ul>\n<p class=\" content-text__container \" data-track-category=\"Link no Texto\" data-track-links=\"\"> \u2014 Estou feliz. Foi delicioso fazer um bar\u00e3o franc\u00eas e falando em franc\u00eas. Tive a oportunidade de conhecer Joana Solnado (que interpretar\u00e1 In\u00eas, aliada de Sandra). Descobri que ela \u00e9 neta do meu \u00eddolo de inf\u00e2ncia, Raul Solnado. Tamb\u00e9m pude reencontrar <a class=\"\" href=\"https:\/\/oglobo.globo.com\/tudo-sobre\/personalidade\/eriberto-leao\" rel=\"nofollow noopener\" target=\"_blank\">Eriberto Le\u00e3o<\/a>, de quem j\u00e1 fui pai numa pe\u00e7a. Quanto \u00e0 Fl\u00e1via, fizemos &#8220;Caras &amp; bocas&#8221;, embora n\u00e3o tiv\u00e9ssemos contracenado l\u00e1. Desta vez, no entanto, pude testemunhar, ao vivo, a maravilhosa atriz que ela \u00e9 \u2014 conta o ator. <\/p>\n<p class=\" content-text__container \" data-track-category=\"Link no Texto\" data-track-links=\"\"> Al\u00e9m da novela, Leibovitch est\u00e1 no elenco do espet\u00e1culo &#8220;Hamlet&#8221;, em cartaz at\u00e9 este domingo (8), no Centro Cultural Banco do Brasil, no Rio. <\/p>\n<p class=\" content-text__container \" data-track-category=\"Link no Texto\" data-track-links=\"\"> \u2014 Esta pe\u00e7a constitui mais um feito da Companhia Teatro Esplendor, dirigida por Bruce Gomlevsky. Tenho a Companhia como minha fam\u00edlia teatral. Com ela, fiz v\u00e1rios espet\u00e1culos e, depois de sete anos, volto a atuar no palco junto com a minha turma. Dado o trabalho exaustivo de fazer uma pe\u00e7a t\u00e3o complexa como esta, de Shakespeare, n\u00e3o pude aceitar alguns bons trabalhos que me foram oferecidos ao longo deste ano. No entanto, desta vez foi poss\u00edvel conciliar a participa\u00e7\u00e3o na novela, o que me deixou muito feliz. <\/p>\n<p class=\" content-text__container \" data-track-category=\"Link no Texto\" data-track-links=\"\"> Desde a pandemia, ele mora no Retiro dos Artistas. A <a class=\"\" href=\"https:\/\/oglobo.globo.com\/play\/noticia\/2025\/01\/04\/jaime-leibovitch-de-alma-gemea-fala-da-decisao-de-ir-para-o-retiro-dos-artistas-apos-morte-do-filho-morava-num-kitnet-e-passei-a-ter-uma-casinha.ghtml\" rel=\"nofollow noopener\" target=\"_blank\">decis\u00e3o de se mudar para l\u00e1<\/a> ocorreu ap\u00f3s a morte do filho de 46 anos em um acidente do carro. Nos pr\u00f3ximos dias, ele ministrar\u00e1 uma oficina e uma palestra na institui\u00e7\u00e3o: <\/p>\n<p class=\" content-text__container \" data-track-category=\"Link no Texto\" data-track-links=\"\"> \u2014 O Retiro, hoje em dia, \u00e9 um verdadeiro polo cultural. \u00c9 inimagin\u00e1vel a quantidade de eventos, cursos, palestras, espet\u00e1culos e filmes que s\u00e3o oferecidos n\u00e3o apenas aos residentes, mas tamb\u00e9m, e principalmente, \u00e0 comunidade de Jacarepagu\u00e1 e bairros pr\u00f3ximos. Afinal, a pl\u00eaiade de artistas que habita o Retiro tem muito a dizer e ensinar, al\u00e9m de hist\u00f3rias saborosas para contar. Nesta segunda-feira (9), a institui\u00e7\u00e3o dar\u00e1 in\u00edcio a um grande ciclo de palestras sobre arte ministradas pelos pr\u00f3prios residentes. Falaremos, eu e Marcos Oliveira, sobre teatro. Tamb\u00e9m coordenarei, a partir do dia 20, a oficina &#8220;Fazer e pensar teatro&#8221;. <\/p>\n<ul class=\"content-unordered-list\">\n<li><strong>TV e famosos: <\/strong><a class=\"\" href=\"https:\/\/www.whatsapp.com\/channel\/0029Va3JQfiDTkJwvhCFGq1r\" target=\"_blank\" rel=\"nofollow noopener\">se inscreva no canal da coluna Play no WhatsApp<\/a><\/li>\n<\/ul>\n<p class=\" content-text__container \" data-track-category=\"Link no Texto\" data-track-links=\"\"> O ator fala sobre o seu dia a dia na institui\u00e7\u00e3o: <\/p>\n<p class=\" content-text__container \" data-track-category=\"Link no Texto\" data-track-links=\"\"> \u2014 Leio muito, gosto demais de livros. E o Retiro, al\u00e9m da excelente biblioteca que tem, me proporciona o sossego necess\u00e1rio para uma pr\u00e1tica met\u00f3dica da leitura. Meu dia a dia, portanto, gira em torno disso: ler, estudar e ouvir as hist\u00f3rias maravilhosas dos velhos e geniais artistas, meus vizinhos. <\/p>\n<p class=\" content-text__container \" data-track-category=\"Link no Texto\" data-track-links=\"\"> Leibovitch comenta que sente um estigma em rela\u00e7\u00e3o \u00e0s pessoas que moram na institui\u00e7\u00e3o, mas pondera que a pr\u00f3pria classe art\u00edstica sempre foi estigmatizada: <\/p>\n<p class=\" content-text__container \" data-track-category=\"Link no Texto\" data-track-links=\"\"> \u2014 N\u00e3o conhe\u00e7o um retiro de engenheiros ou advogados. A exist\u00eancia de um retiro de artistas responde \u00e0 pr\u00f3pria hist\u00f3ria da classe art\u00edstica, que foi uma hist\u00f3ria de muita rejei\u00e7\u00e3o, muita avers\u00e3o, muita censura e muito preconceito. Lembremos que o grande Moli\u00e8re foi sepultado \u00e0s escondidas, e por interven\u00e7\u00e3o direta do rei, porque um ator n\u00e3o poderia ser enterrado num campo santo. Bibi Ferreira n\u00e3o p\u00f4de se matricular numa escola porque os pais eram artistas. H\u00e1 poucos anos, um cidad\u00e3o foi impedido pelo juiz de testemunhar em um processo porque era ator. <\/p>\n<p>    Veja fotos da casa do ator Jaime Leibovitch no Retiro dos Artistas           <img decoding=\"async\" id=\"image-id-tumb-cc786c84-44f0-4892-9226-18f1a4d3962b\" alt=\"Jaime Leibovitch em sua casa no Retiro dos Artistas \u2014 Foto: Ana Branco\" src=\"https:\/\/www.europesays.com\/pt\/wp-content\/uploads\/2025\/09\/whatsapp-image-2023-10-05-at-11.56.19.jpeg\" loading=\"lazy\" height=\"1066\" width=\"1600\" data-posicao=\"1\" role=\"button\" tabindex=\"0\"\/>    <img decoding=\"async\" id=\"image-id-cc786c84-44f0-4892-9226-18f1a4d3962b\" class=\"gallery-photo\" alt=\"Jaime Leibovitch em sua casa no Retiro dos Artistas \u2014 Foto: Ana Branco\" src=\"https:\/\/www.europesays.com\/pt\/wp-content\/uploads\/2025\/09\/1757175491_505_whatsapp-image-2023-10-05-at-11.56.19.jpeg\" loading=\"lazy\" height=\"1066\" width=\"1600\"\/>  <\/p>\n<p> 1 de 19 <br \/>&#13;Jaime Leibovitch em sua casa no Retiro dos Artistas \u2014 Foto: Ana Branco <\/p>\n<p>     <img decoding=\"async\" id=\"image-id-tumb-0120bb6d-5717-4073-8f3f-b4317f740259\" alt=\"Jaime Leibovitch em sua casa no Retiro dos Artistas \u2014 Foto: Ana Branco\" src=\"https:\/\/www.europesays.com\/pt\/wp-content\/uploads\/2025\/09\/whatsapp-image-2023-10-05-at-12.07.15-1-.jpeg\" loading=\"lazy\" height=\"1066\" width=\"1600\" data-posicao=\"2\" role=\"button\" tabindex=\"0\"\/>    <img decoding=\"async\" id=\"image-id-0120bb6d-5717-4073-8f3f-b4317f740259\" class=\"gallery-photo\" alt=\"Jaime Leibovitch em sua casa no Retiro dos Artistas \u2014 Foto: Ana Branco\" src=\"https:\/\/www.europesays.com\/pt\/wp-content\/uploads\/2025\/09\/1757175492_37_whatsapp-image-2023-10-05-at-12.07.15-1-.jpeg\" loading=\"lazy\" height=\"1066\" width=\"1600\"\/>  <\/p>\n<p> 2 de 19 <br \/>&#13;Jaime Leibovitch em sua casa no Retiro dos Artistas \u2014 Foto: Ana Branco <\/p>\n<p>     Pular    <\/p>\n<p> X de 19 <br \/>Publicidade <\/p>\n<p>      <img decoding=\"async\" id=\"image-id-tumb-7464df9a-c574-4c54-866b-fc061ea93786\" alt=\"Jaime Leibovitch \u2014 Foto: Ana Branco\" src=\"https:\/\/www.europesays.com\/pt\/wp-content\/uploads\/2025\/09\/whatsapp-image-2023-10-05-at-11.56.20-copia.jpeg\" loading=\"lazy\" height=\"1600\" width=\"1066\" data-posicao=\"3\" role=\"button\" tabindex=\"0\"\/>    <img decoding=\"async\" id=\"image-id-7464df9a-c574-4c54-866b-fc061ea93786\" class=\"gallery-photo\" alt=\"Jaime Leibovitch \u2014 Foto: Ana Branco\" src=\"https:\/\/www.europesays.com\/pt\/wp-content\/uploads\/2025\/09\/1757175493_994_whatsapp-image-2023-10-05-at-11.56.20-copia.jpeg\" loading=\"lazy\" height=\"1600\" width=\"1066\"\/>  <\/p>\n<p> 3 de 19 <br \/>&#13;Jaime Leibovitch \u2014 Foto: Ana Branco <\/p>\n<p>      <img decoding=\"async\" id=\"image-id-5baf563e-4397-45ce-91ac-c2bff3f749c7\" class=\"gallery-photo\" alt=\"Jaime Leibovitch em sua casa no Retiro dos Artistas \u2014 Foto: Ana Branco\" src=\"https:\/\/www.europesays.com\/pt\/wp-content\/uploads\/2025\/09\/image-6487327.jpg\" loading=\"lazy\" height=\"914\" width=\"1134\"\/>  <\/p>\n<p> 4 de 19 <br \/>&#13;Jaime Leibovitch em sua casa no Retiro dos Artistas \u2014 Foto: Ana Branco <\/p>\n<p>     Pular    <\/p>\n<p> X de 19 <br \/>Publicidade <\/p>\n<p>      <img decoding=\"async\" id=\"image-id-ad6e723a-082b-4463-9932-7ca64ae6181e\" class=\"gallery-photo\" alt=\"Casa de Jaime Leibovitch no Retiro dos Artistas \u2014 Foto: Ana Branco\" src=\"https:\/\/www.europesays.com\/pt\/wp-content\/uploads\/2025\/09\/jaime.jpg\" loading=\"lazy\" height=\"1333\" width=\"2000\"\/>  <\/p>\n<p> 5 de 19 <br \/>&#13;Casa de Jaime Leibovitch no Retiro dos Artistas \u2014 Foto: Ana Branco <\/p>\n<p>      <img decoding=\"async\" id=\"image-id-c5651b8e-ba68-4466-921b-30d2f8d6f4eb\" class=\"gallery-photo\" alt=\"Jaime Leibovitch em sua casa no Retiro dos Artistas \u2014 Foto: Arquivo pessoal\" src=\"https:\/\/www.europesays.com\/pt\/wp-content\/uploads\/2025\/09\/whatsapp-image-2024-06-14-at-11.55.01.jpeg\" loading=\"lazy\" height=\"1600\" width=\"1200\"\/>  <\/p>\n<p> 6 de 19 <br \/>&#13;Jaime Leibovitch em sua casa no Retiro dos Artistas \u2014 Foto: Arquivo pessoal <\/p>\n<p>     Pular    <\/p>\n<p> X de 19 <br \/>Publicidade <\/p>\n<p>      <img decoding=\"async\" id=\"image-id-3f5fd051-8324-4ddb-b4f2-5556aaa2b828\" class=\"gallery-photo\" alt=\"Jaime Leibovitch em sua biblioteca \u2014 Foto: Arquivo pessoal\" src=\"https:\/\/www.europesays.com\/pt\/wp-content\/uploads\/2025\/09\/whatsapp-image-2024-06-14-at-11.55.02.jpeg\" loading=\"lazy\" height=\"1280\" width=\"960\"\/>  <\/p>\n<p> 7 de 19 <br \/>&#13;Jaime Leibovitch em sua biblioteca \u2014 Foto: Arquivo pessoal <\/p>\n<p>      <img decoding=\"async\" id=\"image-id-22598b72-5854-41e3-a16a-4b9fcad38234\" class=\"gallery-photo\" alt=\"Jaime Leibovitch em sua casa no Retiro dos Artistas \u2014 Foto: Arquivo pessoal\" src=\"https:\/\/www.europesays.com\/pt\/wp-content\/uploads\/2025\/09\/whatsapp-image-2024-06-14-at-11.55.02-1-.jpeg\" loading=\"lazy\" height=\"1600\" width=\"1200\"\/>  <\/p>\n<p> 8 de 19 <br \/>&#13;Jaime Leibovitch em sua casa no Retiro dos Artistas \u2014 Foto: Arquivo pessoal <\/p>\n<p>     Pular    <\/p>\n<p> X de 19 <br \/>Publicidade <\/p>\n<p>      <img decoding=\"async\" id=\"image-id-dabcd2a9-93ae-46be-97e2-c85a2d252f42\" class=\"gallery-photo\" alt=\"Escrit\u00f3rio de Jaime Leibovitch \u2014 Foto: Arquivo pessoal\" src=\"https:\/\/www.europesays.com\/pt\/wp-content\/uploads\/2025\/09\/whatsapp-image-2024-06-14-at-11.55.02-2-.jpeg\" loading=\"lazy\" height=\"1600\" width=\"1200\"\/>  <\/p>\n<p> 9 de 19 <br \/>&#13;Escrit\u00f3rio de Jaime Leibovitch \u2014 Foto: Arquivo pessoal <\/p>\n<p>      <img decoding=\"async\" id=\"image-id-9ce916fc-65e5-49b0-aeca-77d5001700b7\" class=\"gallery-photo\" alt=\"Quarto de Jaime Leibovitch \u2014 Foto: Arquivo pessoal\" src=\"https:\/\/www.europesays.com\/pt\/wp-content\/uploads\/2025\/09\/whatsapp-image-2024-06-14-at-11.55.02-3-.jpeg\" loading=\"lazy\" height=\"1600\" width=\"1200\"\/>  <\/p>\n<p> 10 de 19 <br \/>&#13;Quarto de Jaime Leibovitch \u2014 Foto: Arquivo pessoal <\/p>\n<p>     Pular    <\/p>\n<p> X de 19 <br \/>Publicidade <\/p>\n<p>      <img decoding=\"async\" id=\"image-id-34149395-1d30-47ff-a8f6-7071e816a957\" class=\"gallery-photo\" alt=\"O ator Jaime Leibovitch \u2014 Foto: Arquivo pessoal\" src=\"https:\/\/www.europesays.com\/pt\/wp-content\/uploads\/2025\/09\/whatsapp-image-2024-06-14-at-11.55.02-4-.jpeg\" loading=\"lazy\" height=\"1600\" width=\"1200\"\/>  <\/p>\n<p> 11 de 19 <br \/>&#13;O ator Jaime Leibovitch \u2014 Foto: Arquivo pessoal <\/p>\n<p>      <img decoding=\"async\" id=\"image-id-80f1d12e-c3ef-42ae-a89b-29dbaef4d6b8\" class=\"gallery-photo\" alt=\"A casa do ator Jaime Leibovitch \u2014 Foto: Arquivo pessoal\" src=\"https:\/\/www.europesays.com\/pt\/wp-content\/uploads\/2025\/09\/whatsapp-image-2024-06-14-at-11.55.03.jpeg\" loading=\"lazy\" height=\"960\" width=\"1280\"\/>  <\/p>\n<p> 12 de 19 <br \/>&#13;A casa do ator Jaime Leibovitch \u2014 Foto: Arquivo pessoal <\/p>\n<p>     Pular    <\/p>\n<p> X de 19 <br \/>Publicidade <\/p>\n<p>      <img decoding=\"async\" id=\"image-id-4cf96947-388a-426e-94ec-5619acdfb73c\" class=\"gallery-photo\" alt=\"Jaime Leibovitch na entrada de sua casa \u2014 Foto: Arquivo pessoal\" src=\"https:\/\/www.europesays.com\/pt\/wp-content\/uploads\/2025\/09\/whatsapp-image-2024-06-14-at-11.55.03-1-.jpeg\" loading=\"lazy\" height=\"1200\" width=\"1600\"\/>  <\/p>\n<p> 13 de 19 <br \/>&#13;Jaime Leibovitch na entrada de sua casa \u2014 Foto: Arquivo pessoal <\/p>\n<p>      <img decoding=\"async\" id=\"image-id-a1fb8f7f-3d3e-4c2b-9a36-32c11232df3f\" class=\"gallery-photo\" alt=\"A casa de Jaime Leibovitch \u2014 Foto: Arquivo pessoal\" src=\"https:\/\/www.europesays.com\/pt\/wp-content\/uploads\/2025\/09\/whatsapp-image-2024-06-14-at-11.55.03-2-.jpeg\" loading=\"lazy\" height=\"1600\" width=\"1200\"\/>  <\/p>\n<p> 14 de 19 <br \/>&#13;A casa de Jaime Leibovitch \u2014 Foto: Arquivo pessoal <\/p>\n<p>     Pular    <\/p>\n<p> X de 19 <br \/>Publicidade <\/p>\n<p>      <img decoding=\"async\" id=\"image-id-dff922f2-aa0a-4287-9385-8bc9d512e29a\" class=\"gallery-photo\" alt=\"Jaime Leibovitch em sua casa no Retiro dos Artistas \u2014 Foto: Arquivo pessoal\" src=\"https:\/\/www.europesays.com\/pt\/wp-content\/uploads\/2025\/09\/whatsapp-image-2024-06-14-at-11.55.04.jpeg\" loading=\"lazy\" height=\"1600\" width=\"1200\"\/>  <\/p>\n<p> 15 de 19 <br \/>&#13;Jaime Leibovitch em sua casa no Retiro dos Artistas \u2014 Foto: Arquivo pessoal <\/p>\n<p>      <img decoding=\"async\" id=\"image-id-b05a2309-8308-48dd-a8b2-3ec46cf45238\" class=\"gallery-photo\" alt=\"A entrada da casa do ator de Jaime Leibovitch \u2014 Foto: Arquivo pessoal\" src=\"https:\/\/www.europesays.com\/pt\/wp-content\/uploads\/2025\/09\/whatsapp-image-2024-06-13-at-11.55.04.jpeg\" loading=\"lazy\" height=\"960\" width=\"1280\"\/>  <\/p>\n<p> 16 de 19 <br \/>&#13;A entrada da casa do ator de Jaime Leibovitch \u2014 Foto: Arquivo pessoal <\/p>\n<p>     Pular    <\/p>\n<p> X de 19 <br \/>Publicidade <\/p>\n<p>      <img decoding=\"async\" id=\"image-id-d4687b3d-5d65-4e17-87e5-a712d0be4919\" class=\"gallery-photo\" alt=\"Jaime Leibovitch em sua casa no Retiro dos Artistas \u2014 Foto: Arquivo pessoal\" src=\"https:\/\/www.europesays.com\/pt\/wp-content\/uploads\/2025\/09\/whatsapp-image-2024-06-13-at-12.04.45.jpeg\" loading=\"lazy\" height=\"960\" width=\"1280\"\/>  <\/p>\n<p> 17 de 19 <br \/>&#13;Jaime Leibovitch em sua casa no Retiro dos Artistas \u2014 Foto: Arquivo pessoal <\/p>\n<p>      <img decoding=\"async\" id=\"image-id-0b6be357-adf3-4069-9952-2a7e5ab7df02\" class=\"gallery-photo\" alt=\"A biblioteca de Jaime Leibovitch \u2014 Foto: Arquivo pessoal\" src=\"https:\/\/www.europesays.com\/pt\/wp-content\/uploads\/2025\/09\/whatsapp-image-2024-06-13-at-12.05.18.jpeg\" loading=\"lazy\" height=\"960\" width=\"1280\"\/>  <\/p>\n<p> 18 de 19 <br \/>&#13;A biblioteca de Jaime Leibovitch \u2014 Foto: Arquivo pessoal <\/p>\n<p>     Pular    <\/p>\n<p> X de 19 <br \/>Publicidade <\/p>\n<p>      <img decoding=\"async\" id=\"image-id-a47b44cc-632c-405e-b5e4-5ba48c1ce2fc\" class=\"gallery-photo\" alt=\"Decora\u00e7\u00e3o da casa de Jaime Leibovitch \u2014 Foto: Arquivo pessoal\" src=\"https:\/\/www.europesays.com\/pt\/wp-content\/uploads\/2025\/09\/whatsapp-image-2024-06-13-at-12.06.13.jpeg\" loading=\"lazy\" height=\"960\" width=\"1280\"\/>  <\/p>\n<p> 19 de 19 <br \/>&#13;Decora\u00e7\u00e3o da casa de Jaime Leibovitch \u2014 Foto: Arquivo pessoal <\/p>\n<p>.<\/p>\n","protected":false},"excerpt":{"rendered":"Jaime Leibovitch surgir\u00e1 nos pr\u00f3ximos cap\u00edtulos de &#8220;\u00cata mundo melhor&#8221; como o rico Bar\u00e3o Deschamps, que se casar\u00e1&hellip;\n","protected":false},"author":2,"featured_media":61165,"comment_status":"","ping_status":"","sticky":false,"template":"","format":"standard","meta":{"footnotes":""},"categories":[142],"tags":[17159,114,115,17158,3378,7600,32,33,679,151,2323],"class_list":{"0":"post-61164","1":"post","2":"type-post","3":"status-publish","4":"format-standard","5":"has-post-thumbnail","7":"category-tv","8":"tag-caras-e-bocas","9":"tag-entertainment","10":"tag-entretenimento","11":"tag-eriberto-leao","12":"tag-eta-mundo-melhor","13":"tag-flavia-alessandra","14":"tag-portugal","15":"tag-pt","16":"tag-reportagem","17":"tag-tv","18":"tag-tv-globo"},"share_on_mastodon":{"url":"","error":""},"_links":{"self":[{"href":"https:\/\/www.europesays.com\/pt\/wp-json\/wp\/v2\/posts\/61164","targetHints":{"allow":["GET"]}}],"collection":[{"href":"https:\/\/www.europesays.com\/pt\/wp-json\/wp\/v2\/posts"}],"about":[{"href":"https:\/\/www.europesays.com\/pt\/wp-json\/wp\/v2\/types\/post"}],"author":[{"embeddable":true,"href":"https:\/\/www.europesays.com\/pt\/wp-json\/wp\/v2\/users\/2"}],"replies":[{"embeddable":true,"href":"https:\/\/www.europesays.com\/pt\/wp-json\/wp\/v2\/comments?post=61164"}],"version-history":[{"count":0,"href":"https:\/\/www.europesays.com\/pt\/wp-json\/wp\/v2\/posts\/61164\/revisions"}],"wp:featuredmedia":[{"embeddable":true,"href":"https:\/\/www.europesays.com\/pt\/wp-json\/wp\/v2\/media\/61165"}],"wp:attachment":[{"href":"https:\/\/www.europesays.com\/pt\/wp-json\/wp\/v2\/media?parent=61164"}],"wp:term":[{"taxonomy":"category","embeddable":true,"href":"https:\/\/www.europesays.com\/pt\/wp-json\/wp\/v2\/categories?post=61164"},{"taxonomy":"post_tag","embeddable":true,"href":"https:\/\/www.europesays.com\/pt\/wp-json\/wp\/v2\/tags?post=61164"}],"curies":[{"name":"wp","href":"https:\/\/api.w.org\/{rel}","templated":true}]}}