{"id":61172,"date":"2025-09-06T16:28:47","date_gmt":"2025-09-06T16:28:47","guid":{"rendered":"https:\/\/www.europesays.com\/pt\/61172\/"},"modified":"2025-09-06T16:28:47","modified_gmt":"2025-09-06T16:28:47","slug":"gnr-encontra-69-imigrantes-a-viverem-em-situacao-precaria-no-cadaval","status":"publish","type":"post","link":"https:\/\/www.europesays.com\/pt\/61172\/","title":{"rendered":"GNR encontra 69 imigrantes a viverem em situa\u00e7\u00e3o prec\u00e1ria no Cadaval"},"content":{"rendered":"<p class=\"category\"><a href=\"https:\/\/sicnoticias.pt\/pais\" rel=\"nofollow noopener\" target=\"_blank\">Pa\u00eds<\/a><\/p>\n<p>Os trabalhadores, com idades entre os 16 e os 24 anos, dormiam em tendas de campismo e n\u00e3o tinham contratos de trabalho. O propriet\u00e1rio da explora\u00e7\u00e3o foi identificado por angaria\u00e7\u00e3o de m\u00e3o-de-obra ilegal.<\/p>\n<p> Previous<img decoding=\"async\" src=\"https:\/\/www.europesays.com\/pt\/wp-content\/uploads\/2025\/09\/2025-09-05-gnr-lisboa---operacao_3.png-d3c90db9.webp\" alt=\"GNR encontra 69 imigrantes a viverem em situa\u00e7\u00e3o prec\u00e1ria no Cadaval\"\/><\/p>\n<p>GNR &#8211; Guarda Nacional Republicana<\/p>\n<p><img decoding=\"async\" src=\"https:\/\/www.europesays.com\/pt\/wp-content\/uploads\/2025\/09\/2025-09-05-gnr-lisboa---operacao_3.png-d3c90db9.webp\" alt=\"GNR encontra 69 imigrantes a viverem em situa\u00e7\u00e3o prec\u00e1ria no Cadaval\"\/><\/p>\n<p>GNR &#8211; Guarda Nacional Republicana<\/p>\n<p> Next<\/p>\n<p><strong>A GNR identificou esta sexta-feira 69 imigrantes a viverem em tendas de campismo e usados como m\u00e3o-de-obra barata e sem contratos de trabalho na colheita da pera rocha no Cadaval, tendo identificado o patr\u00e3o.<\/strong><\/p>\n<p>A comandante do Destacamento de Lisboa da Unidade de Controlo Costeiro e de Fronteiras, In\u00eas Gomes, explicou \u00e0 ag\u00eancia Lusa que os imigrantes, com idades entre os 16 e os 24 anos, foram encontrados a dormir em tendas de campismo e a tratarem das suas &#8220;quest\u00f5es higienossanit\u00e1rias no meio da rua&#8221; no recinto exterior de um armaz\u00e9m agr\u00edcola.<\/p>\n<p>Todos s\u00e3o de pa\u00edses africanos, \u00e0 exce\u00e7\u00e3o de uma mulher que adquiriu a nacionalidade portuguesa, mas tinham autoriza\u00e7\u00e3o de perman\u00eancia no pa\u00eds, por serem &#8220;todos estudantes do ensino profissional em Portugal e estarem a aproveitar as f\u00e9rias para ganharem algum dinheiro&#8221;.<\/p>\n<p>Estes trabalhadores &#8220;n\u00e3o tinham qualquer contrato de trabalho e eram angariados a custos muito baixos&#8221;, adiantou a mesma fonte.<\/p>\n<p>Dos 69 identificados, 43 s\u00e3o mulheres e 26 s\u00e3o homens. Treze t\u00eam menos de 18 anos. O propriet\u00e1rio da explora\u00e7\u00e3o foi identificado pelo crime de angaria\u00e7\u00e3o de m\u00e3o-de-obra ilegal.<\/p>\n<p>A GNR realizou uma fiscaliza\u00e7\u00e3o na sequ\u00eancia de uma den\u00fancia sobre a exist\u00eancia de v\u00e1rios cidad\u00e3os &#8220;a viverem em condi\u00e7\u00f5es menos dignas num armaz\u00e9m, alegadamente usados como m\u00e3o-de-obra laboral&#8221;.<\/p>\n<p>Os militares levantaram ainda v\u00e1rias contraordena\u00e7\u00f5es, uma por angaria\u00e7\u00e3o de m\u00e3o-de-obra ilegal, outra por utiliza\u00e7\u00e3o da atividade de cidad\u00e3o estrangeiro em situa\u00e7\u00e3o ilegal e sete por perman\u00eancia ilegal em territ\u00f3rio nacional.<\/p>\n<p>Foi ainda elaborado um auto de contraordena\u00e7\u00e3o ambiental por descarga ilegal em linha de \u00e1gua, por parte do N\u00facleo de Prote\u00e7\u00e3o Ambiental do Destacamento Territorial de Alenquer.<\/p>\n<p>A a\u00e7\u00e3o de fiscaliza\u00e7\u00e3o desencadeada pela Unidade de Controlo Costeiro e de Fronteiras da GNR contou com a participa\u00e7\u00e3o de militares dos postos territoriais do Cadaval e da Merceana (Alenquer), dos N\u00facleos de Fiscaliza\u00e7\u00e3o Territorial de Imigra\u00e7\u00e3o de Lisboa e de Santar\u00e9m e do N\u00facleo de Prote\u00e7\u00e3o Ambiental de Alenquer.<\/p>\n","protected":false},"excerpt":{"rendered":"Pa\u00eds Os trabalhadores, com idades entre os 16 e os 24 anos, dormiam em tendas de campismo e&hellip;\n","protected":false},"author":2,"featured_media":61173,"comment_status":"","ping_status":"","sticky":false,"template":"","format":"standard","meta":{"footnotes":""},"categories":[8],"tags":[27,28,15,16,14,25,26,21,22,12,13,19,20,32,23,24,33,17,18,29,30,31],"class_list":{"0":"post-61172","1":"post","2":"type-post","3":"status-publish","4":"format-standard","5":"has-post-thumbnail","7":"category-principais-noticias","8":"tag-breaking-news","9":"tag-breakingnews","10":"tag-featured-news","11":"tag-featurednews","12":"tag-headlines","13":"tag-latest-news","14":"tag-latestnews","15":"tag-main-news","16":"tag-mainnews","17":"tag-news","18":"tag-noticias","19":"tag-noticias-principais","20":"tag-noticiasprincipais","21":"tag-portugal","22":"tag-principais-noticias","23":"tag-principaisnoticias","24":"tag-pt","25":"tag-top-stories","26":"tag-topstories","27":"tag-ultimas","28":"tag-ultimas-noticias","29":"tag-ultimasnoticias"},"share_on_mastodon":{"url":"","error":""},"_links":{"self":[{"href":"https:\/\/www.europesays.com\/pt\/wp-json\/wp\/v2\/posts\/61172","targetHints":{"allow":["GET"]}}],"collection":[{"href":"https:\/\/www.europesays.com\/pt\/wp-json\/wp\/v2\/posts"}],"about":[{"href":"https:\/\/www.europesays.com\/pt\/wp-json\/wp\/v2\/types\/post"}],"author":[{"embeddable":true,"href":"https:\/\/www.europesays.com\/pt\/wp-json\/wp\/v2\/users\/2"}],"replies":[{"embeddable":true,"href":"https:\/\/www.europesays.com\/pt\/wp-json\/wp\/v2\/comments?post=61172"}],"version-history":[{"count":0,"href":"https:\/\/www.europesays.com\/pt\/wp-json\/wp\/v2\/posts\/61172\/revisions"}],"wp:featuredmedia":[{"embeddable":true,"href":"https:\/\/www.europesays.com\/pt\/wp-json\/wp\/v2\/media\/61173"}],"wp:attachment":[{"href":"https:\/\/www.europesays.com\/pt\/wp-json\/wp\/v2\/media?parent=61172"}],"wp:term":[{"taxonomy":"category","embeddable":true,"href":"https:\/\/www.europesays.com\/pt\/wp-json\/wp\/v2\/categories?post=61172"},{"taxonomy":"post_tag","embeddable":true,"href":"https:\/\/www.europesays.com\/pt\/wp-json\/wp\/v2\/tags?post=61172"}],"curies":[{"name":"wp","href":"https:\/\/api.w.org\/{rel}","templated":true}]}}