{"id":61246,"date":"2025-09-06T18:11:07","date_gmt":"2025-09-06T18:11:07","guid":{"rendered":"https:\/\/www.europesays.com\/pt\/61246\/"},"modified":"2025-09-06T18:11:07","modified_gmt":"2025-09-06T18:11:07","slug":"ha-novos-tenis-da-new-balance-que-transformam-um-icone-em-nostalgia","status":"publish","type":"post","link":"https:\/\/www.europesays.com\/pt\/61246\/","title":{"rendered":"H\u00e1 novos t\u00e9nis da New Balance que transformam um \u00edcone em nostalgia"},"content":{"rendered":"<p>T\u00e9nis s\u00e3o cada vez mais um objeto de desejo. Existem diferentes marcas que conseguem destacar-se <a href=\"https:\/\/versa.iol.pt\/new-balance\/tenis\/os-tenis-da-new-balance-que-revolucionaram-os-anos-80-estao-melhores-do-que-nunca\/20250823\/68a88840d34e3f0baea1e4f6\" rel=\"nofollow noopener\" target=\"_blank\">e a New Balance est\u00e1, sem d\u00favida, entre as mais populares<\/a>. Sempre que anuncia um novo lan\u00e7amento estamos atentos e o mais recente faz-nos sonhar com os anos 2000.\u00a0<\/p>\n<p>Foram apresentadas duas novas colorways do modelo 2010 (\u20ac170). Isto significa que as ic\u00f3nicas sapatilhas est\u00e3o, agora, dispon\u00edveis em novas vers\u00f5es, uma monocrom\u00e1tica, em preto; e outra com castanho, branco e cinzento.\u00a0<\/p>\n<p>Caso n\u00e3o saibas, estes t\u00e9nis s\u00e3o &#8220;inspirados nos arquivos da marca e nas silhuetas chunky que marcaram o final dos anos 90 e o in\u00edcio dos anos 2000&#8221;, l\u00ea-se em comunicado. O que t\u00eam de t\u00e3o especial?\u00a0<\/p>\n<p>Para al\u00e9m da <a href=\"https:\/\/versa.iol.pt\/tenis\/sapatilhas\/ana-guiomar-queremos-os-teus-tenis-adidas-nas-proximas-estacoes\/20250903\/68b6cfd1d34ef72ee44a1088\" rel=\"nofollow noopener\" target=\"_blank\">est\u00e9tica retro, uma caracter\u00edstica cada vez mais procurada nos t\u00e9nis pelas it girls<\/a>, estas sapatilhas t\u00eam uma entressola que &#8220;absorve o impacto atrav\u00e9s de uma combina\u00e7\u00e3o de amortecimento e resist\u00eancia \u00e0 compress\u00e3o&#8221;<\/p>\n<p>T\u00eam ainda os detalhes em tons met\u00e1licos refletores, um cl\u00e1ssico da marca, algo que faz um contraste e oferece &#8220;vida \u00e0 personalidade arrojada deste modelo, mantendo o ADN da marca intacto&#8221;.\u00a0<\/p>\n<p>Curioso? Espreita a galeria de imagens para conheceres as duas novidades. Tamb\u00e9m reunimos outras sugest\u00f5es da marca como <a href=\"https:\/\/versa.iol.pt\/moda\/new-balance\/tenis-de-cristina-ferreira-e-rita-pereira-podem-superar-os-ja-iconicos-adidas\/20250325\/67e29b4cd34e3f0bae9c16af\" rel=\"nofollow noopener\" target=\"_blank\">os favoritos de Cristina Ferreira e Rita Pereira<\/a>.\u00a0<\/p>\n","protected":false},"excerpt":{"rendered":"T\u00e9nis s\u00e3o cada vez mais um objeto de desejo. Existem diferentes marcas que conseguem destacar-se e a New&hellip;\n","protected":false},"author":2,"featured_media":61247,"comment_status":"","ping_status":"","sticky":false,"template":"","format":"standard","meta":{"footnotes":""},"categories":[85],"tags":[1081,204,114,115,754,186,1079,2350,32,33,2351,2349,1078,1080],"class_list":{"0":"post-61246","1":"post","2":"type-post","3":"status-publish","4":"format-standard","5":"has-post-thumbnail","7":"category-entretenimento","8":"tag-beleza","9":"tag-design","10":"tag-entertainment","11":"tag-entretenimento","12":"tag-gastronomia","13":"tag-lifestyle","14":"tag-moda","15":"tag-new-balance","16":"tag-portugal","17":"tag-pt","18":"tag-tendencias","19":"tag-tenis","20":"tag-versa","21":"tag-viagens"},"share_on_mastodon":{"url":"","error":""},"_links":{"self":[{"href":"https:\/\/www.europesays.com\/pt\/wp-json\/wp\/v2\/posts\/61246","targetHints":{"allow":["GET"]}}],"collection":[{"href":"https:\/\/www.europesays.com\/pt\/wp-json\/wp\/v2\/posts"}],"about":[{"href":"https:\/\/www.europesays.com\/pt\/wp-json\/wp\/v2\/types\/post"}],"author":[{"embeddable":true,"href":"https:\/\/www.europesays.com\/pt\/wp-json\/wp\/v2\/users\/2"}],"replies":[{"embeddable":true,"href":"https:\/\/www.europesays.com\/pt\/wp-json\/wp\/v2\/comments?post=61246"}],"version-history":[{"count":0,"href":"https:\/\/www.europesays.com\/pt\/wp-json\/wp\/v2\/posts\/61246\/revisions"}],"wp:featuredmedia":[{"embeddable":true,"href":"https:\/\/www.europesays.com\/pt\/wp-json\/wp\/v2\/media\/61247"}],"wp:attachment":[{"href":"https:\/\/www.europesays.com\/pt\/wp-json\/wp\/v2\/media?parent=61246"}],"wp:term":[{"taxonomy":"category","embeddable":true,"href":"https:\/\/www.europesays.com\/pt\/wp-json\/wp\/v2\/categories?post=61246"},{"taxonomy":"post_tag","embeddable":true,"href":"https:\/\/www.europesays.com\/pt\/wp-json\/wp\/v2\/tags?post=61246"}],"curies":[{"name":"wp","href":"https:\/\/api.w.org\/{rel}","templated":true}]}}