{"id":61248,"date":"2025-09-06T18:14:19","date_gmt":"2025-09-06T18:14:19","guid":{"rendered":"https:\/\/www.europesays.com\/pt\/61248\/"},"modified":"2025-09-06T18:14:19","modified_gmt":"2025-09-06T18:14:19","slug":"leao-xiv-maria-nos-protege-das-ideologias","status":"publish","type":"post","link":"https:\/\/www.europesays.com\/pt\/61248\/","title":{"rendered":"Le\u00e3o XIV: Maria nos protege das ideologias"},"content":{"rendered":"<p>Realizou-se em Roma, de 3 a 6 de setembro, o 26\u00ba Congresso Mariol\u00f3gico Internacional, sobre o tema &#8220;Jubileu e sinodalidade:&#13;<br \/>\numa Igreja com rosto e pr\u00e1tica mariana&#8221;<\/p>\n<p><b>Vatican News<\/b><\/p>\n<p>A primeira audi\u00eancia do Papa Le\u00e3o este s\u00e1bado foi realizada na Sala Paulo VI e dedicada aos participantes do Congresso da Pontif\u00edcia Academia Mariana Internacional.<\/p>\n<p>O Pont\u00edfice definiu esta institui\u00e7\u00e3o como um \u201ccen\u00e1culo de pensamento, de espiritualidade e de di\u00e1logo\u201d, que tem a tarefa de coordenar os estudos mariol\u00f3gicos.<\/p>\n<p>\n   Ou\u00e7a a reportagem completa com a voz do Papa Le\u00e3o\n  <\/p>\n<p>Neste 26\u00b0 Congresso, os participantes se interrogaram se uma Igreja com rosto mariano seja um res\u00edduo do passado ou uma profecia de futuro, capaz de provocar as mentes e os cora\u00e7\u00f5es, reconhecendo no jubileu e na sinodalidade duas categorias b\u00edblicas para explicar de maneira eficaz a voca\u00e7\u00e3o e a miss\u00e3o da M\u00e3e do Senhor.<\/p>\n<p>\u201cUma Igreja de cora\u00e7\u00e3o mariano preserva e compreende melhor a hierarquia das verdades de f\u00e9, integrando raz\u00e3o e afeto, corpo e alma, universal e local, pessoa e comunidade, humanidade e cosmo\u201d, explicou o Pont\u00edfice. \u00c9 uma Igreja que n\u00e3o renuncia a fazer a si mesma, aos outros e a Deus perguntas inc\u00f4modas e a percorrer as vias exigentes da f\u00e9 e do amor.<\/p>\n<p>\u201cUma pietas e uma pr\u00e1xis marianas orientadas a servi\u00e7o da esperan\u00e7a e da consola\u00e7\u00e3o libertam do fatalismo, da superficialidade e do fundamentalismo; levam a s\u00e9rio todas as realidades humanas, a partir dos \u00faltimos e dos descartados; d\u00e3o voz e dignidade aos que s\u00e3o sacrificados nos altares dos \u00eddolos antigos e novos.\u201d<\/p>\n<p>Para o Papa Le\u00e3o, a teologia mariana tem a tarefa de cultivar em todo o povo de Deus, em primeiro lugar, a disponibilidade a \u201crecome\u00e7ar\u201d a partir de Deus, da sua Palavra e das necessidades do pr\u00f3ximo, com humildade e coragem.\u00a0\u00a0<\/p>\n<blockquote>\n<p>\u201cContemplar o mist\u00e9rio de Deus e da hist\u00f3ria com o olhar interior de Maria nos protege das mistifica\u00e7\u00f5es da propaganda, da ideologia e da informa\u00e7\u00e3o doentia, que jamais saber\u00e3o levar uma palavra desarmada e desarmante, e nos abre \u00e0 gratuidade divina, que \u00e9 a \u00fanica que nos possibilita caminhar com as pessoas, os povos e as culturas na paz.\u201d<\/p>\n<\/blockquote>\n<p>\u00c9 por isso que a Igreja precisa da mariologia, completou o Santo Padre, agradecendo e enaltecendo o trabalho e as iniciativas promovidas pela Academia Mariana ao longo destes anos.<\/p>\n","protected":false},"excerpt":{"rendered":"Realizou-se em Roma, de 3 a 6 de setembro, o 26\u00ba Congresso Mariol\u00f3gico Internacional, sobre o tema &#8220;Jubileu&hellip;\n","protected":false},"author":2,"featured_media":61249,"comment_status":"","ping_status":"","sticky":false,"template":"","format":"standard","meta":{"footnotes":""},"categories":[50],"tags":[27,28,15,16,14,25,26,21,22,62,12,11332,13,19,20,811,23,24,17,18,29,30,31,63,64,65],"class_list":{"0":"post-61248","1":"post","2":"type-post","3":"status-publish","4":"format-standard","5":"has-post-thumbnail","7":"category-mundo","8":"tag-breaking-news","9":"tag-breakingnews","10":"tag-featured-news","11":"tag-featurednews","12":"tag-headlines","13":"tag-latest-news","14":"tag-latestnews","15":"tag-main-news","16":"tag-mainnews","17":"tag-mundo","18":"tag-news","19":"tag-nossa-senhora","20":"tag-noticias","21":"tag-noticias-principais","22":"tag-noticiasprincipais","23":"tag-papa-leao-xiv","24":"tag-principais-noticias","25":"tag-principaisnoticias","26":"tag-top-stories","27":"tag-topstories","28":"tag-ultimas","29":"tag-ultimas-noticias","30":"tag-ultimasnoticias","31":"tag-world","32":"tag-world-news","33":"tag-worldnews"},"share_on_mastodon":{"url":"","error":""},"_links":{"self":[{"href":"https:\/\/www.europesays.com\/pt\/wp-json\/wp\/v2\/posts\/61248","targetHints":{"allow":["GET"]}}],"collection":[{"href":"https:\/\/www.europesays.com\/pt\/wp-json\/wp\/v2\/posts"}],"about":[{"href":"https:\/\/www.europesays.com\/pt\/wp-json\/wp\/v2\/types\/post"}],"author":[{"embeddable":true,"href":"https:\/\/www.europesays.com\/pt\/wp-json\/wp\/v2\/users\/2"}],"replies":[{"embeddable":true,"href":"https:\/\/www.europesays.com\/pt\/wp-json\/wp\/v2\/comments?post=61248"}],"version-history":[{"count":0,"href":"https:\/\/www.europesays.com\/pt\/wp-json\/wp\/v2\/posts\/61248\/revisions"}],"wp:featuredmedia":[{"embeddable":true,"href":"https:\/\/www.europesays.com\/pt\/wp-json\/wp\/v2\/media\/61249"}],"wp:attachment":[{"href":"https:\/\/www.europesays.com\/pt\/wp-json\/wp\/v2\/media?parent=61248"}],"wp:term":[{"taxonomy":"category","embeddable":true,"href":"https:\/\/www.europesays.com\/pt\/wp-json\/wp\/v2\/categories?post=61248"},{"taxonomy":"post_tag","embeddable":true,"href":"https:\/\/www.europesays.com\/pt\/wp-json\/wp\/v2\/tags?post=61248"}],"curies":[{"name":"wp","href":"https:\/\/api.w.org\/{rel}","templated":true}]}}