{"id":61254,"date":"2025-09-06T18:20:12","date_gmt":"2025-09-06T18:20:12","guid":{"rendered":"https:\/\/www.europesays.com\/pt\/61254\/"},"modified":"2025-09-06T18:20:12","modified_gmt":"2025-09-06T18:20:12","slug":"uma-queda-espalhafatosa-e-duas-desqualificacoes-prova-dos-objetos-escondidos-traz-polemica-a-casa-big-brother","status":"publish","type":"post","link":"https:\/\/www.europesays.com\/pt\/61254\/","title":{"rendered":"Uma queda espalhafatosa e duas desqualifica\u00e7\u00f5es: prova dos objetos escondidos traz pol\u00e9mica \u00e0 casa &#8211; Big Brother"},"content":{"rendered":"<p>O<strong> Big Brother revela haver na casa v\u00e1rios objetos escondidos e os concorrentes t\u00eam de os encontrar,<\/strong> s\u00f3 pegando num de cada vez. Todos correm a procurar, Viriato choca com Bruna e fica ca\u00eddo no ch\u00e3o. Catarina, apanha v\u00e1rios objetos de uma s\u00f3 vez. J\u00e9ssica acaba por fazer igual e as duas acabam por ser desclassificadas. <strong>Veja quem ganhou.<\/strong><\/p>\n<p>A grande final do Big Brother Ver\u00e3o est\u00e1 a chegar! Viriato Quintela conquistou o passaporte para a final, mas os restantes concorrentes continuam a lutar por um lugar no p\u00f3dio. No pr\u00f3ximo domingo, um deles pode abandonar a casa. A decis\u00e3o est\u00e1 nas suas m\u00e3os.<\/p>\n<p><strong>Vote para salvar:<\/strong><\/p>\n<p><strong>AFONSO &#8211; 761 20 20 01<br \/>BRUNA &#8211; 761 20 20 04<br \/>CATARINA MIRANDA &#8211; 761 20 20 05<br \/>J\u00c9SSICA &#8211; 761 20 20 07<\/strong><\/p>\n<p><strong><a href=\"https:\/\/tvi.iol.pt\/bigbrother\/aominuto\" rel=\"nofollow noopener\" target=\"_blank\">Acompanhe ao minuto, tudo o que se passa no Big Brother Ver\u00e3o!<\/a><\/strong><\/p>\n","protected":false},"excerpt":{"rendered":"O Big Brother revela haver na casa v\u00e1rios objetos escondidos e os concorrentes t\u00eam de os encontrar, s\u00f3&hellip;\n","protected":false},"author":2,"featured_media":61255,"comment_status":"","ping_status":"","sticky":false,"template":"","format":"standard","meta":{"footnotes":""},"categories":[142],"tags":[331,48,329,333,328,335,336,114,115,334,332,330,13,32,33,151,162,227],"class_list":{"0":"post-61254","1":"post","2":"type-post","3":"status-publish","4":"format-standard","5":"has-post-thumbnail","7":"category-tv","8":"tag-big","9":"tag-big-brother","10":"tag-claudio-ramos","11":"tag-comentadores","12":"tag-concorrentes","13":"tag-confrontos","14":"tag-discussoes","15":"tag-entertainment","16":"tag-entretenimento","17":"tag-exclusivos","18":"tag-expulso","19":"tag-gala","20":"tag-noticias","21":"tag-portugal","22":"tag-pt","23":"tag-tv","24":"tag-tvi","25":"tag-videos"},"share_on_mastodon":{"url":"","error":""},"_links":{"self":[{"href":"https:\/\/www.europesays.com\/pt\/wp-json\/wp\/v2\/posts\/61254","targetHints":{"allow":["GET"]}}],"collection":[{"href":"https:\/\/www.europesays.com\/pt\/wp-json\/wp\/v2\/posts"}],"about":[{"href":"https:\/\/www.europesays.com\/pt\/wp-json\/wp\/v2\/types\/post"}],"author":[{"embeddable":true,"href":"https:\/\/www.europesays.com\/pt\/wp-json\/wp\/v2\/users\/2"}],"replies":[{"embeddable":true,"href":"https:\/\/www.europesays.com\/pt\/wp-json\/wp\/v2\/comments?post=61254"}],"version-history":[{"count":0,"href":"https:\/\/www.europesays.com\/pt\/wp-json\/wp\/v2\/posts\/61254\/revisions"}],"wp:featuredmedia":[{"embeddable":true,"href":"https:\/\/www.europesays.com\/pt\/wp-json\/wp\/v2\/media\/61255"}],"wp:attachment":[{"href":"https:\/\/www.europesays.com\/pt\/wp-json\/wp\/v2\/media?parent=61254"}],"wp:term":[{"taxonomy":"category","embeddable":true,"href":"https:\/\/www.europesays.com\/pt\/wp-json\/wp\/v2\/categories?post=61254"},{"taxonomy":"post_tag","embeddable":true,"href":"https:\/\/www.europesays.com\/pt\/wp-json\/wp\/v2\/tags?post=61254"}],"curies":[{"name":"wp","href":"https:\/\/api.w.org\/{rel}","templated":true}]}}