{"id":61256,"date":"2025-09-06T18:23:10","date_gmt":"2025-09-06T18:23:10","guid":{"rendered":"https:\/\/www.europesays.com\/pt\/61256\/"},"modified":"2025-09-06T18:23:10","modified_gmt":"2025-09-06T18:23:10","slug":"video-o-apoio-incrivel-dos-portugueses-a-joao-almeida-na-subida-ao-angliru","status":"publish","type":"post","link":"https:\/\/www.europesays.com\/pt\/61256\/","title":{"rendered":"V\u00cdDEO: o apoio incr\u00edvel dos portugueses a Jo\u00e3o Almeida na subida ao Angliru"},"content":{"rendered":"<p><a href=\"https:\/\/maisfutebol.iol.pt\/ciclismo\/vuelta\/vuelta-joao-almeida-vence-no-mitico-angliru\" rel=\"nofollow noopener\" target=\"_blank\">Jo\u00e3o Almeida, ciclista portugu\u00eas da UAE, triunfou no m\u00edtico Angliru, esta sexta-feira, na 13.\u00aa etapa da Vuelta<\/a>\u00a0e\u00a0tornou-se n o 13.\u00ba portugu\u00eas a vencer uma etapa na Volta a Espanha.<\/p>\n<p>Para atingir este feito hist\u00f3rico, neste pico Ast\u00farias, o ciclista contou com um forte apoio de portugueses, que fizeram quest\u00e3o de marcar presen\u00e7a e prestaram apoio ao ciclista portugu\u00eas da\u00a0UAE.<\/p>\n<p>Um dos grupos de apoio, o \u00abLingrinhas Team\u00bb, partilhou nas redes sociais os v\u00eddeos da passagem de Almeida com Jonas Vingegaard, atual camisola vermelha, no Angliriu.<\/p>\n<p>Na etapa deste s\u00e1bado, tamb\u00e9m nas Ast\u00farias, e com chegada\u00a0no montanha, em Lagos de Somiedo, volta a ser esperado muito apoio ao ciclista luso, que neste momento \u00e9 segundo da geral, a 46 segundos do l\u00edder, o dinamarqu\u00eas Vingegaard.<\/p>\n<p><strong>Ora veja os v\u00eddeos do apoio ao portugu\u00eas:<\/strong><\/p>\n","protected":false},"excerpt":{"rendered":"Jo\u00e3o Almeida, ciclista portugu\u00eas da UAE, triunfou no m\u00edtico Angliru, esta sexta-feira, na 13.\u00aa etapa da Vuelta\u00a0e\u00a0tornou-se n&hellip;\n","protected":false},"author":2,"featured_media":61257,"comment_status":"","ping_status":"","sticky":false,"template":"","format":"standard","meta":{"footnotes":""},"categories":[87],"tags":[1342,135,10299,46,1830,32,33,47,134,11279,14254,17190],"class_list":{"0":"post-61256","1":"post","2":"type-post","3":"status-publish","4":"format-standard","5":"has-post-thumbnail","7":"category-desporto","8":"tag-ciclismo","9":"tag-desporto","10":"tag-joao-almeida","11":"tag-maisfutebol","12":"tag-modalidades","13":"tag-portugal","14":"tag-pt","15":"tag-pura-paixao","16":"tag-sports","17":"tag-volta-a-espanha","18":"tag-vuelta","19":"tag-vuelta-espanha"},"share_on_mastodon":{"url":"","error":""},"_links":{"self":[{"href":"https:\/\/www.europesays.com\/pt\/wp-json\/wp\/v2\/posts\/61256","targetHints":{"allow":["GET"]}}],"collection":[{"href":"https:\/\/www.europesays.com\/pt\/wp-json\/wp\/v2\/posts"}],"about":[{"href":"https:\/\/www.europesays.com\/pt\/wp-json\/wp\/v2\/types\/post"}],"author":[{"embeddable":true,"href":"https:\/\/www.europesays.com\/pt\/wp-json\/wp\/v2\/users\/2"}],"replies":[{"embeddable":true,"href":"https:\/\/www.europesays.com\/pt\/wp-json\/wp\/v2\/comments?post=61256"}],"version-history":[{"count":0,"href":"https:\/\/www.europesays.com\/pt\/wp-json\/wp\/v2\/posts\/61256\/revisions"}],"wp:featuredmedia":[{"embeddable":true,"href":"https:\/\/www.europesays.com\/pt\/wp-json\/wp\/v2\/media\/61257"}],"wp:attachment":[{"href":"https:\/\/www.europesays.com\/pt\/wp-json\/wp\/v2\/media?parent=61256"}],"wp:term":[{"taxonomy":"category","embeddable":true,"href":"https:\/\/www.europesays.com\/pt\/wp-json\/wp\/v2\/categories?post=61256"},{"taxonomy":"post_tag","embeddable":true,"href":"https:\/\/www.europesays.com\/pt\/wp-json\/wp\/v2\/tags?post=61256"}],"curies":[{"name":"wp","href":"https:\/\/api.w.org\/{rel}","templated":true}]}}