{"id":61309,"date":"2025-09-06T19:15:08","date_gmt":"2025-09-06T19:15:08","guid":{"rendered":"https:\/\/www.europesays.com\/pt\/61309\/"},"modified":"2025-09-06T19:15:08","modified_gmt":"2025-09-06T19:15:08","slug":"o-influencer-de-deus-vai-ser-canonizado-pelo-papa-e-torna-se-no-primeiro-santo-millennial","status":"publish","type":"post","link":"https:\/\/www.europesays.com\/pt\/61309\/","title":{"rendered":"\u201cO influencer de Deus\u201d vai ser canonizado pelo Papa e torna-se no primeiro santo &#8216;millennial&#8217;"},"content":{"rendered":"<p>O Papa Le\u00e3o XIV vai presidir este domingo, na Pra\u00e7a de S\u00e3o Pedro, \u00e0 primeira canoniza\u00e7\u00e3o do seu pontificado. Trata-se de Carlo Acutis, conhecido como o<strong> \u201cinluencer de Deus\u201d<\/strong>. Nascido em 1991, ser\u00e1 o primeiro santo da gera\u00e7\u00e3o millennial. A informa\u00e7\u00e3o \u00e9 avan\u00e7ada pela ag\u00eancia <a href=\"https:\/\/agencia.ecclesia.pt\/portal\/vaticano-millennial-carlo-acutis-e-pier-giorgio-frassati-amigo-dos-pobres-sao-primeiros-santos-do-pontificado-de-leao-xiv\/\" rel=\"nofollow noopener\" target=\"_blank\">Ecclesia<\/a> e pelo <a href=\"https:\/\/www.theguardian.com\/world\/2025\/sep\/06\/pope-prepares-to-canonise-london-born-teenager-nicknamed-gods-influencer\" rel=\"nofollow noopener\" target=\"_blank\">The Guardian<\/a>.<\/p>\n<p><a href=\"https:\/\/expresso.pt\/promo\/data\/content\/binaries\/custom\/expresso\/digital\/COGB6.html?returnUrl=https:\/\/expresso.pt\/sociedade\/religiao\/2025-09-06-o-influencer-de-deus-vai-ser-canonizado-pelo-papa-e-torna-se-no-primeiro-santo-millennial-40b2a7d2&amp;utm_source=expresso&amp;utm_medium=locked_article&amp;locked=true&amp;article_id=4b4a5c88-3dd6-4d7e-9dbd-24e4f2b984a6&amp;author_id=Andr\u00e9+Manuel+Correia&amp;category=Religi\u00e3o\" target=\"_self\" class=\"\" rel=\"nofollow noopener\">Subscrever<\/a>J\u00e1 \u00e9 Subscritor?Fa\u00e7a login e continue a ler<a href=\"http:\/\/expresso.pt\/codigo?redirectUrl=https:\/\/expresso.pt\/sociedade\/religiao\/2025-09-06-o-influencer-de-deus-vai-ser-canonizado-pelo-papa-e-torna-se-no-primeiro-santo-millennial-40b2a7d2\" target=\"_self\" class=\"\" rel=\"nofollow noopener\">Inserir C\u00f3digo<\/a>Comprou o Expresso?Insira o c\u00f3digo presente na Revista E para continuar a ler<\/p>\n","protected":false},"excerpt":{"rendered":"O Papa Le\u00e3o XIV vai presidir este domingo, na Pra\u00e7a de S\u00e3o Pedro, \u00e0 primeira canoniza\u00e7\u00e3o do seu&hellip;\n","protected":false},"author":2,"featured_media":61310,"comment_status":"","ping_status":"","sticky":false,"template":"","format":"standard","meta":{"footnotes":""},"categories":[50],"tags":[27,28,15,16,14,25,26,21,22,62,12,13,19,20,23,24,17,18,29,30,31,63,64,65],"class_list":{"0":"post-61309","1":"post","2":"type-post","3":"status-publish","4":"format-standard","5":"has-post-thumbnail","7":"category-mundo","8":"tag-breaking-news","9":"tag-breakingnews","10":"tag-featured-news","11":"tag-featurednews","12":"tag-headlines","13":"tag-latest-news","14":"tag-latestnews","15":"tag-main-news","16":"tag-mainnews","17":"tag-mundo","18":"tag-news","19":"tag-noticias","20":"tag-noticias-principais","21":"tag-noticiasprincipais","22":"tag-principais-noticias","23":"tag-principaisnoticias","24":"tag-top-stories","25":"tag-topstories","26":"tag-ultimas","27":"tag-ultimas-noticias","28":"tag-ultimasnoticias","29":"tag-world","30":"tag-world-news","31":"tag-worldnews"},"share_on_mastodon":{"url":"","error":""},"_links":{"self":[{"href":"https:\/\/www.europesays.com\/pt\/wp-json\/wp\/v2\/posts\/61309","targetHints":{"allow":["GET"]}}],"collection":[{"href":"https:\/\/www.europesays.com\/pt\/wp-json\/wp\/v2\/posts"}],"about":[{"href":"https:\/\/www.europesays.com\/pt\/wp-json\/wp\/v2\/types\/post"}],"author":[{"embeddable":true,"href":"https:\/\/www.europesays.com\/pt\/wp-json\/wp\/v2\/users\/2"}],"replies":[{"embeddable":true,"href":"https:\/\/www.europesays.com\/pt\/wp-json\/wp\/v2\/comments?post=61309"}],"version-history":[{"count":0,"href":"https:\/\/www.europesays.com\/pt\/wp-json\/wp\/v2\/posts\/61309\/revisions"}],"wp:featuredmedia":[{"embeddable":true,"href":"https:\/\/www.europesays.com\/pt\/wp-json\/wp\/v2\/media\/61310"}],"wp:attachment":[{"href":"https:\/\/www.europesays.com\/pt\/wp-json\/wp\/v2\/media?parent=61309"}],"wp:term":[{"taxonomy":"category","embeddable":true,"href":"https:\/\/www.europesays.com\/pt\/wp-json\/wp\/v2\/categories?post=61309"},{"taxonomy":"post_tag","embeddable":true,"href":"https:\/\/www.europesays.com\/pt\/wp-json\/wp\/v2\/tags?post=61309"}],"curies":[{"name":"wp","href":"https:\/\/api.w.org\/{rel}","templated":true}]}}